{"id":1862,"date":"2025-03-31T07:05:00","date_gmt":"2025-03-31T11:05:00","guid":{"rendered":"https:\/\/jms.com.bo\/mediamonitorbo\/2025\/03\/31\/comite-de-energia-de-diputados-aprueba-aprovechamiento-del-rio-miguillas-para-una-hidroelectrica\/"},"modified":"2025-03-31T07:05:00","modified_gmt":"2025-03-31T11:05:00","slug":"comite-de-energia-de-diputados-aprueba-aprovechamiento-del-rio-miguillas-para-una-hidroelectrica","status":"publish","type":"post","link":"https:\/\/jms.com.bo\/mediamonitorbo\/2025\/03\/31\/comite-de-energia-de-diputados-aprueba-aprovechamiento-del-rio-miguillas-para-una-hidroelectrica\/","title":{"rendered":"Comit\u00e9 de Energ\u00eda de Diputados aprueba aprovechamiento del r\u00edo Miguillas para una hidroel\u00e9ctrica"},"content":{"rendered":"<p>El Comit\u00e9 de Energ\u00eda e Hidrocarburos de la C\u00e1mara de Diputados aprob\u00f3 el proyecto de ley 272\/2024-2025 que autoriza a la Empresa Nacional de Electricidad (ENDE) el uso y aprovechamiento de las aguas de las cuencas hidrogr\u00e1ficas del r\u00edo Miguillas, ubicadas en la provincia Inquisivi de La Paz, para la generaci\u00f3n de energ\u00eda el\u00e9ctrica en el Proyecto Hidroel\u00e9ctrico Miguillas.<br \/>\nLa iniciativa fue remitida a la Comisi\u00f3n de Econom\u00eda Plural para su tratamiento.<br \/>\nEste proyecto hidroel\u00e9ctrico cuenta con una inversi\u00f3n de Bs 3.237,8 millones y un avance f\u00edsico del 51%. Se prev\u00e9 que, una vez concluido, tendr\u00e1 una potencia instalada de 205 megavatios (MW) y una producci\u00f3n anual estimada de 1.014 gigavatios hora (GWh). Su entrada en operaci\u00f3n comercial est\u00e1 proyectada para diciembre de 2026, lo que contribuir\u00e1 al cambio de la matriz energ\u00e9tica del pa\u00eds y fortalecer\u00e1 la oferta de generaci\u00f3n del Sistema Interconectado Nacional (SIN).<br \/>\nLa Central Hidroel\u00e9ctrica Miguillas, situada en los municipios de Quime y Cajuata, en La Paz, constar\u00e1 de dos casas de m\u00e1quinas con una capacidad combinada de 205 MW. Para esta gesti\u00f3n, se prev\u00e9 la puesta en marcha de una de ellas, lo que permitir\u00e1 incrementar la generaci\u00f3n de energ\u00eda renovable en el pa\u00eds.<br \/>\nEl Gobierno nacional, a trav\u00e9s de ENDE, tambi\u00e9n ejecuta obras complementarias como la construcci\u00f3n de subestaciones, l\u00edneas a\u00e9reas y l\u00edneas subterr\u00e1neas, con una inversi\u00f3n adicional de Bs 283 millones, beneficiando directamente a las familias pace\u00f1as.<br \/>\nEl Proyecto Hidroel\u00e9ctrico Miguillas incluye la construcci\u00f3n de dos centrales en cascada, Umapalca y Palillada, una presa de 29 metros de altura y aproximadamente 23 kil\u00f3metros de t\u00faneles de conducci\u00f3n de agua. Este desarrollo permitir\u00e1 inyectar 204 MW adicionales al SIN, consolidando el compromiso del Estado con la transici\u00f3n energ\u00e9tica y la sostenibilidad del sector el\u00e9ctrico en Bolivia.<\/p>\n","protected":false},"excerpt":{"rendered":"<p>El Comit\u00e9 de Energ\u00eda e Hidrocarburos de la C\u00e1mara de Diputados aprob\u00f3 el proyecto de ley 272\/2024-2025 que autoriza a la Empresa Nacional de Electricidad (ENDE) el uso y aprovechamiento de las aguas de las cuencas hidrogr\u00e1ficas del r\u00edo Miguillas, ubicadas en la provincia Inquisivi de La Paz, para la generaci\u00f3n de energ\u00eda el\u00e9ctrica en [&hellip;]<\/p>\n","protected":false},"author":1,"featured_media":1863,"comment_status":"","ping_status":"open","sticky":false,"template":"","format":"standard","meta":{"pagelayer_contact_templates":[],"_pagelayer_content":"","footnotes":""},"categories":[18,28,24],"tags":[],"class_list":{"0":"post-1862","1":"post","2":"type-post","3":"status-publish","4":"format-standard","5":"has-post-thumbnail","7":"category-energia","8":"category-portada-energia","9":"category-portada-general-sitio"},"_links":{"self":[{"href":"https:\/\/jms.com.bo\/mediamonitorbo\/wp-json\/wp\/v2\/posts\/1862","targetHints":{"allow":["GET"]}}],"collection":[{"href":"https:\/\/jms.com.bo\/mediamonitorbo\/wp-json\/wp\/v2\/posts"}],"about":[{"href":"https:\/\/jms.com.bo\/mediamonitorbo\/wp-json\/wp\/v2\/types\/post"}],"author":[{"embeddable":true,"href":"https:\/\/jms.com.bo\/mediamonitorbo\/wp-json\/wp\/v2\/users\/1"}],"replies":[{"embeddable":true,"href":"https:\/\/jms.com.bo\/mediamonitorbo\/wp-json\/wp\/v2\/comments?post=1862"}],"version-history":[{"count":0,"href":"https:\/\/jms.com.bo\/mediamonitorbo\/wp-json\/wp\/v2\/posts\/1862\/revisions"}],"wp:featuredmedia":[{"embeddable":true,"href":"https:\/\/jms.com.bo\/mediamonitorbo\/wp-json\/wp\/v2\/media\/1863"}],"wp:attachment":[{"href":"https:\/\/jms.com.bo\/mediamonitorbo\/wp-json\/wp\/v2\/media?parent=1862"}],"wp:term":[{"taxonomy":"category","embeddable":true,"href":"https:\/\/jms.com.bo\/mediamonitorbo\/wp-json\/wp\/v2\/categories?post=1862"},{"taxonomy":"post_tag","embeddable":true,"href":"https:\/\/jms.com.bo\/mediamonitorbo\/wp-json\/wp\/v2\/tags?post=1862"}],"curies":[{"name":"wp","href":"https:\/\/api.w.org\/{rel}","templated":true}]}}