{"id":1866,"date":"2025-03-31T06:59:32","date_gmt":"2025-03-31T10:59:32","guid":{"rendered":"https:\/\/jms.com.bo\/mediamonitorbo\/2025\/03\/31\/la-inflacion-es-la-principal-preocupacion-de-la-gente-segun-encuesta-de-claure\/"},"modified":"2025-03-31T06:59:32","modified_gmt":"2025-03-31T10:59:32","slug":"la-inflacion-es-la-principal-preocupacion-de-la-gente-segun-encuesta-de-claure","status":"publish","type":"post","link":"https:\/\/jms.com.bo\/mediamonitorbo\/2025\/03\/31\/la-inflacion-es-la-principal-preocupacion-de-la-gente-segun-encuesta-de-claure\/","title":{"rendered":"La inflaci\u00f3n es la principal preocupaci\u00f3n de la gente, seg\u00fan encuesta de Claure"},"content":{"rendered":"<p>A cinco meses de las elecciones generales, la mayor preocupaci\u00f3n de la poblaci\u00f3n no es tanto la pol\u00edtica, sino la inflaci\u00f3n y el incremento en el precio de los productos de la canasta familiar a ra\u00edz de la crisis econ\u00f3mica que atraviesa el pa\u00eds.<br \/>\nDe acuerdo con la encuesta encargada por el empresario Marcelo Claure, al 57% de los encuestados le preocupa la inflaci\u00f3n y el aumento de precios. Otro t\u00f3pico que inquieta a la poblaci\u00f3n es la falta de combustibles, con un 47%; mientras que la \u201ccorrupci\u00f3n en el Gobierno\u201d ocupa el tercer lugar, con el 46%.<br \/>\nEl estudio fue realizado por la empresa Panterra entre el 5 y el 23 de marzo de 2025. \u201cLa encuesta utiliza una muestra probabil\u00edstica representativa a nivel nacional de 5.000 adultos. El margen de error es de \u00b1 1.4 puntos porcentuales con un intervalo de confianza del 95%\u201d, se\u00f1ala el documento.<br \/>\nInflaci\u00f3n<br \/>\nDurante ese periodo de tiempo el pa\u00eds atravesaba una marcada escasez de combustibles y condiciones climatol\u00f3gicas que impidieron la normal transitabilidad en las carreteras para transportar alimentos.<br \/>\nEl Gobierno reconoci\u00f3 que, en estos momentos, debido a la falta de d\u00f3lares no se puede garantizar al 100% el suministro de di\u00e9sel para el sector productor, lo que levant\u00f3 las alarmas en la poblaci\u00f3n y se gener\u00f3 mucha especulaci\u00f3n que se reflej\u00f3 en las filas interminables en las estaciones de servicio.<br \/>\nPor ello, la encuesta de Panterra indica que el 89% de los participantes urge un cambio de pol\u00edticas para el pa\u00eds, tras 20 a\u00f1os bajo el modelo econ\u00f3mico del Movimiento Al Socialismo (MAS).<br \/>\n\u201cQuiero ir en una direcci\u00f3n muy distinta a la que nos ha llevado el gobierno de Luis Arce\u201d, se\u00f1ala la respuesta m\u00e1s marcada por los encuestados.<br \/>\nSeg\u00fan el estudio, \u201cpara dos tercios (65%) de los bolivianos (el) cambio implica que se vaya el MAS\u201d, que tienen una imagen negativa tanto de Arce como del expresidente Evo Morales.<br \/>\nEn ese sentido, la encuesta refleja que el precandidato de oposici\u00f3n mejor perfilado y con mayor intenci\u00f3n de voto para hacer frente al masismo es Samuel Doria Medina.<\/p>\n","protected":false},"excerpt":{"rendered":"<p>A cinco meses de las elecciones generales, la mayor preocupaci\u00f3n de la poblaci\u00f3n no es tanto la pol\u00edtica, sino la inflaci\u00f3n y el incremento en el precio de los productos de la canasta familiar a ra\u00edz de la crisis econ\u00f3mica que atraviesa el pa\u00eds. De acuerdo con la encuesta encargada por el empresario Marcelo Claure, [&hellip;]<\/p>\n","protected":false},"author":1,"featured_media":1867,"comment_status":"","ping_status":"open","sticky":false,"template":"","format":"standard","meta":{"pagelayer_contact_templates":[],"_pagelayer_content":"","footnotes":""},"categories":[19,29,24],"tags":[],"class_list":{"0":"post-1866","1":"post","2":"type-post","3":"status-publish","4":"format-standard","5":"has-post-thumbnail","7":"category-economia","8":"category-portada-economia","9":"category-portada-general-sitio"},"_links":{"self":[{"href":"https:\/\/jms.com.bo\/mediamonitorbo\/wp-json\/wp\/v2\/posts\/1866","targetHints":{"allow":["GET"]}}],"collection":[{"href":"https:\/\/jms.com.bo\/mediamonitorbo\/wp-json\/wp\/v2\/posts"}],"about":[{"href":"https:\/\/jms.com.bo\/mediamonitorbo\/wp-json\/wp\/v2\/types\/post"}],"author":[{"embeddable":true,"href":"https:\/\/jms.com.bo\/mediamonitorbo\/wp-json\/wp\/v2\/users\/1"}],"replies":[{"embeddable":true,"href":"https:\/\/jms.com.bo\/mediamonitorbo\/wp-json\/wp\/v2\/comments?post=1866"}],"version-history":[{"count":0,"href":"https:\/\/jms.com.bo\/mediamonitorbo\/wp-json\/wp\/v2\/posts\/1866\/revisions"}],"wp:featuredmedia":[{"embeddable":true,"href":"https:\/\/jms.com.bo\/mediamonitorbo\/wp-json\/wp\/v2\/media\/1867"}],"wp:attachment":[{"href":"https:\/\/jms.com.bo\/mediamonitorbo\/wp-json\/wp\/v2\/media?parent=1866"}],"wp:term":[{"taxonomy":"category","embeddable":true,"href":"https:\/\/jms.com.bo\/mediamonitorbo\/wp-json\/wp\/v2\/categories?post=1866"},{"taxonomy":"post_tag","embeddable":true,"href":"https:\/\/jms.com.bo\/mediamonitorbo\/wp-json\/wp\/v2\/tags?post=1866"}],"curies":[{"name":"wp","href":"https:\/\/api.w.org\/{rel}","templated":true}]}}