{"id":1894,"date":"2025-03-31T06:28:23","date_gmt":"2025-03-31T10:28:23","guid":{"rendered":"https:\/\/jms.com.bo\/mediamonitorbo\/2025\/03\/31\/las-neumonias-e-infecciones-respiratorias-se-incrementan-en-la-paz\/"},"modified":"2025-03-31T06:28:23","modified_gmt":"2025-03-31T10:28:23","slug":"las-neumonias-e-infecciones-respiratorias-se-incrementan-en-la-paz","status":"publish","type":"post","link":"https:\/\/jms.com.bo\/mediamonitorbo\/2025\/03\/31\/las-neumonias-e-infecciones-respiratorias-se-incrementan-en-la-paz\/","title":{"rendered":"Las neumon\u00edas e infecciones respiratorias se incrementan en La Paz"},"content":{"rendered":"<p>En medio de las lluvias y bajas temperaturas, el Servicio Departamental de Salud (Sedes) de La Paz report\u00f3 este viernes un incremento de los casos de neumon\u00edas e infecciones respiratorias agudas (IRA). De una a otra semana, los contagios presentan un alza en el departamento.<br \/>\n\u201cEn relaci\u00f3n de las infecciones respiratorias agudas, ha habido un incremento en esta \u00faltima semana, de tal forma que en \u00e9sta hemos reportado 16.028 pacientes diagnosticados con estas enfermedades\u201d, inform\u00f3 el jefe de la Unidad de Epidemiolog\u00eda e Investigaci\u00f3n, Javier Mamani.<br \/>\nDe acuerdo con el reporte, la semana previa, el registro de IRA llega a 15.834 casos, lo cual evidencia un incremento entre ambas. \u201cEntonces existe un incremento de un 5%\u201d, detall\u00f3.<br \/>\nLo propio sucede con las neumon\u00edas, las cuales tambi\u00e9n afectan al sistema respiratorio. En el caso de \u00e9stas, el Sedes ha detectado al igual un alza de los contagios entre la pasada y \u00faltima semana epidemiol\u00f3gica.<br \/>\nINFECCIONES RESPIRATORIAS<br \/>\n\u201cHemos reportado en esta \u00faltima semana 259 pacientes diagnosticados con esta enfermedad, en relaci\u00f3n de la semana anterior, que eran 236 pacientes. De igual forma, existe un incremento de un 8%\u201d, dijo el profesional.<br \/>\nAunque este tipo de enfermedades suelen tener un incremento durante el invierno, en esta \u00e9poca de lluvias y fr\u00edo se ha visto tambi\u00e9n esta tendencia. Dado que para abril se prev\u00e9 a\u00fan un clima complicado; y hasta con frentes fr\u00edos, de acuerdo con la Alcald\u00eda de La Paz, las recomendaciones son reforzar las medidas de bioseguridad.<br \/>\nCuidados como el lavado de manos y uso de barbijo son a\u00fan enfatizados por las autoridades sanitarias, que tambi\u00e9n han recordado que siguen disponibles las vacunas contra la influenza y el COVID-19.<br \/>\n\u201cSi bien este incremento se ha agudizado, debemos recomendar a la poblaci\u00f3n tomar las medidas de bioseguridad. El primer hecho, que cuando una persona est\u00e1 resfriada, el uso de barbijos para esta persona, el uso de alcohol en gel, el lavado de manos constante\u201d, dijo Mamani.<br \/>\nEn el caso de los ni\u00f1os y adolescentes, se ha pedido un especial cuidado y evitar enviarlos al colegio cuando presenten s\u00edntomas de las enfermedades respiratorias, para prevenir focos de contagios. Este tipo de afecciones se contagian, en su mayor\u00eda, por el contacto con una persona enferma.<\/p>\n","protected":false},"excerpt":{"rendered":"<p>En medio de las lluvias y bajas temperaturas, el Servicio Departamental de Salud (Sedes) de La Paz report\u00f3 este viernes un incremento de los casos de neumon\u00edas e infecciones respiratorias agudas (IRA). De una a otra semana, los contagios presentan un alza en el departamento. \u201cEn relaci\u00f3n de las infecciones respiratorias agudas, ha habido un [&hellip;]<\/p>\n","protected":false},"author":1,"featured_media":1895,"comment_status":"","ping_status":"open","sticky":false,"template":"","format":"standard","meta":{"pagelayer_contact_templates":[],"_pagelayer_content":"","footnotes":""},"categories":[22],"tags":[],"class_list":{"0":"post-1894","1":"post","2":"type-post","3":"status-publish","4":"format-standard","5":"has-post-thumbnail","7":"category-social"},"_links":{"self":[{"href":"https:\/\/jms.com.bo\/mediamonitorbo\/wp-json\/wp\/v2\/posts\/1894","targetHints":{"allow":["GET"]}}],"collection":[{"href":"https:\/\/jms.com.bo\/mediamonitorbo\/wp-json\/wp\/v2\/posts"}],"about":[{"href":"https:\/\/jms.com.bo\/mediamonitorbo\/wp-json\/wp\/v2\/types\/post"}],"author":[{"embeddable":true,"href":"https:\/\/jms.com.bo\/mediamonitorbo\/wp-json\/wp\/v2\/users\/1"}],"replies":[{"embeddable":true,"href":"https:\/\/jms.com.bo\/mediamonitorbo\/wp-json\/wp\/v2\/comments?post=1894"}],"version-history":[{"count":0,"href":"https:\/\/jms.com.bo\/mediamonitorbo\/wp-json\/wp\/v2\/posts\/1894\/revisions"}],"wp:featuredmedia":[{"embeddable":true,"href":"https:\/\/jms.com.bo\/mediamonitorbo\/wp-json\/wp\/v2\/media\/1895"}],"wp:attachment":[{"href":"https:\/\/jms.com.bo\/mediamonitorbo\/wp-json\/wp\/v2\/media?parent=1894"}],"wp:term":[{"taxonomy":"category","embeddable":true,"href":"https:\/\/jms.com.bo\/mediamonitorbo\/wp-json\/wp\/v2\/categories?post=1894"},{"taxonomy":"post_tag","embeddable":true,"href":"https:\/\/jms.com.bo\/mediamonitorbo\/wp-json\/wp\/v2\/tags?post=1894"}],"curies":[{"name":"wp","href":"https:\/\/api.w.org\/{rel}","templated":true}]}}