{"id":194,"date":"2025-01-30T06:49:32","date_gmt":"2025-01-30T10:49:32","guid":{"rendered":"https:\/\/jms.com.bo\/mediamonitorbo\/2025\/01\/30\/claure-se-reune-con-lideres-de-oposicion-e-intercambia-criterios-sobre-el-pais-2\/"},"modified":"2025-01-30T06:49:32","modified_gmt":"2025-01-30T10:49:32","slug":"claure-se-reune-con-lideres-de-oposicion-e-intercambia-criterios-sobre-el-pais-2","status":"publish","type":"post","link":"https:\/\/jms.com.bo\/mediamonitorbo\/2025\/01\/30\/claure-se-reune-con-lideres-de-oposicion-e-intercambia-criterios-sobre-el-pais-2\/","title":{"rendered":"Claure se re\u00fane con l\u00edderes de oposici\u00f3n e intercambia criterios sobre el pa\u00eds"},"content":{"rendered":"<p>Tal como hab\u00eda anunciado d\u00edas atr\u00e1s, el empresario Marcelo Claure empez\u00f3 a reunirse con l\u00edderes de la oposici\u00f3n para \u201caprender de ellos y definir una estrategia efectiva de apoyo\u201d.<br \/>\nEl empresario dijo, el 23 de enero, que la \u201cunidad es la clave\u201d y pidi\u00f3 mantener su \u201cesp\u00edritu de lucha\u201d y no perder la esperanza porque est\u00e1 convencido de que \u201cjuntos se tiene todo lo necesario para que Bolivia emerja de esta crisis m\u00e1s fuerte que nunca\u201d.<br \/>\nEste mi\u00e9rcoles se\u00f1al\u00f3, a trav\u00e9s de sus redes sociales, que su labor es comunicarse e intercambiar opiniones con \u201ctodos\u201d los actores pol\u00edticos del pa\u00eds. Dijo que eso le permitir\u00e1 \u201caprender de manera acelerada\u201d, por lo que les pidi\u00f3 no ponerse nerviosos.<br \/>\nEl primer encuentro fue con el senador opositor Rodrigo Paz Pereira, de quien dijo que tuvo una \u201cmuy buena impresi\u00f3n\u201d de alguien joven y con una s\u00f3lida formaci\u00f3n.<br \/>\n\u201cMe llev\u00e9 una muy buena impresi\u00f3n de alguien joven, con una s\u00f3lida formaci\u00f3n, un profundo cari\u00f1o por su pa\u00eds y un enfoque en el progreso de Bolivia\u201d, escribi\u00f3.<br \/>\nClaure tambi\u00e9n anunci\u00f3 sobre su conversaci\u00f3n con el economista Jaime Dunn, quien tambi\u00e9n estaba en el escenario pol\u00edtico como posible candidato para las elecciones generales.<br \/>\nDel encuentro con el economista lanz\u00f3 la interrogante de si \u201c\u00bfes Jaime Dunn una opci\u00f3n presidencial? \u00bfUn Potencial Vice Presidente? \u00bfO un ministro de Econom\u00eda?\u201d.<br \/>\nTambi\u00e9n comunic\u00f3 la reuni\u00f3n con el alcalde de Cochabamba y candidato presidencial por S\u00famate, Manfred Reyes Villa. Indic\u00f3 que este encuentro sirvi\u00f3 \u201cpara conocer a fondo el modelo exitoso de gesti\u00f3n de la ciudad\u201d.<br \/>\n\u201cMi gran pregunta es: \u00bfser\u00e1 este modelo viable y replicable a nivel nacional?\u201d.<br \/>\nEste mi\u00e9rcoles, Claure inform\u00f3 que tuvo una conversaci\u00f3n con el empresario Branco Marinkovic con el fin de conocer sus aspiraciones presidenciales y planes para el pa\u00eds.<br \/>\n\u201cMe transmiti\u00f3 una visi\u00f3n clara y definida, y me dio la impresi\u00f3n de que, al igual que muchos, su principal objetivo es trabajar por una Bolivia mejor\u201d, se\u00f1al\u00f3.<br \/>\nTambi\u00e9n dio a conocer sobre el encuentro con el m\u00e9dico y empresario Chi Hyun Chung, de quien se llev\u00f3 una \u201cgrata impresi\u00f3n\u201d.<br \/>\n\u201cHablamos sobre la lucha contra el narcotr\u00e1fico y el comunismo, la necesidad de abrir Bolivia al mundo, el combate a la corrupci\u00f3n y la importancia de la \u00e9tica y los valores cristianos en la pol\u00edtica\u201d, escribi\u00f3.<br \/>\nLa gran sorpresa de estos encuentros fue la reuni\u00f3n con el presidente de la C\u00e1mara de Senadores, Andr\u00f3nico Rodr\u00edguez, de quien indic\u00f3 que en su \u201chumilde opini\u00f3n\u201d es la \u201c\u00fanica esperanza de renovaci\u00f3n dentro\u201d del Movimiento Al Socialismo (MAS).<br \/>\nClaure dijo, adem\u00e1s, que el encuentro con el titular del Senado le dej\u00f3 una buena impresi\u00f3n al mostrarle que es un l\u00edder de izquierda democr\u00e1tica que se aleja de la \u201cvisi\u00f3n radical y autoritaria de figuras como (Nicol\u00e1s) Maduro u (Daniel) Ortega\u201d.<br \/>\n\u201cAunque tenemos ideolog\u00edas diferentes\u2014yo represento el capitalismo y la derecha, mientras que \u00e9l representa la izquierda\u2014compartimos un mismo deseo: una Bolivia unida y con menos conflictos\u201d, manifest\u00f3.<br \/>\nA\u00fan se espera el encuentro de los l\u00edderes opositores como los expresidentes Jorge Tuto Quiroga y Carlos Mesa, adem\u00e1s del empresario Samuel Doria Medina, y el l\u00edder de la alianza pol\u00edtica Creemos, Luis Fernando Camacho, quien est\u00e1 detenido en la c\u00e1rcel de Chonchocoro.<\/p>\n","protected":false},"excerpt":{"rendered":"<p>Tal como hab\u00eda anunciado d\u00edas atr\u00e1s, el empresario Marcelo Claure empez\u00f3 a reunirse con l\u00edderes de la oposici\u00f3n para \u201caprender de ellos y definir una estrategia efectiva de apoyo\u201d. El empresario dijo, el 23 de enero, que la \u201cunidad es la clave\u201d y pidi\u00f3 mantener su \u201cesp\u00edritu de lucha\u201d y no perder la esperanza porque [&hellip;]<\/p>\n","protected":false},"author":1,"featured_media":0,"comment_status":"","ping_status":"open","sticky":false,"template":"","format":"standard","meta":{"pagelayer_contact_templates":[],"_pagelayer_content":"","footnotes":""},"categories":[20],"tags":[],"class_list":{"0":"post-194","1":"post","2":"type-post","3":"status-publish","4":"format-standard","6":"category-politica"},"_links":{"self":[{"href":"https:\/\/jms.com.bo\/mediamonitorbo\/wp-json\/wp\/v2\/posts\/194","targetHints":{"allow":["GET"]}}],"collection":[{"href":"https:\/\/jms.com.bo\/mediamonitorbo\/wp-json\/wp\/v2\/posts"}],"about":[{"href":"https:\/\/jms.com.bo\/mediamonitorbo\/wp-json\/wp\/v2\/types\/post"}],"author":[{"embeddable":true,"href":"https:\/\/jms.com.bo\/mediamonitorbo\/wp-json\/wp\/v2\/users\/1"}],"replies":[{"embeddable":true,"href":"https:\/\/jms.com.bo\/mediamonitorbo\/wp-json\/wp\/v2\/comments?post=194"}],"version-history":[{"count":0,"href":"https:\/\/jms.com.bo\/mediamonitorbo\/wp-json\/wp\/v2\/posts\/194\/revisions"}],"wp:attachment":[{"href":"https:\/\/jms.com.bo\/mediamonitorbo\/wp-json\/wp\/v2\/media?parent=194"}],"wp:term":[{"taxonomy":"category","embeddable":true,"href":"https:\/\/jms.com.bo\/mediamonitorbo\/wp-json\/wp\/v2\/categories?post=194"},{"taxonomy":"post_tag","embeddable":true,"href":"https:\/\/jms.com.bo\/mediamonitorbo\/wp-json\/wp\/v2\/tags?post=194"}],"curies":[{"name":"wp","href":"https:\/\/api.w.org\/{rel}","templated":true}]}}