{"id":195,"date":"2025-01-30T06:48:07","date_gmt":"2025-01-30T10:48:07","guid":{"rendered":"https:\/\/jms.com.bo\/mediamonitorbo\/2025\/01\/30\/evismo-anuncia-congreso-para-refundar-el-instrumento-politico-y-sigue-en-busqueda-de-sigla\/"},"modified":"2025-01-30T06:48:07","modified_gmt":"2025-01-30T10:48:07","slug":"evismo-anuncia-congreso-para-refundar-el-instrumento-politico-y-sigue-en-busqueda-de-sigla","status":"publish","type":"post","link":"https:\/\/jms.com.bo\/mediamonitorbo\/2025\/01\/30\/evismo-anuncia-congreso-para-refundar-el-instrumento-politico-y-sigue-en-busqueda-de-sigla\/","title":{"rendered":"\u201cEvismo\u201d anuncia congreso para refundar el Instrumento Pol\u00edtico y sigue en b\u00fasqueda de sigla"},"content":{"rendered":"<p>Luego de que perdi\u00f3 la sigla del MAS-IPSP, el ala \u201cevista\u201d anunci\u00f3 que refundar\u00e1 el Instrumento Pol\u00edtico en un congreso a realizarse del 29 al 31 de marzo en el departamento de Cochabamba.<br \/>\nEn conferencia de prensa, los \u201cevistas\u201d denunciaron que el presidente Luis Arce les rob\u00f3 la sigla del MAS, por lo cual est\u00e1n obligados ahora a refundar el Instrumento.<br \/>\nEligieron marzo porque se cumplen 30 a\u00f1os de la fundaci\u00f3n de la Asamblea por la Soberan\u00eda de los Pueblos (ASP), el partido creado por organizaciones sociales y que antecedi\u00f3 al MAS.<br \/>\nSin embargo, los \u201cevistas\u201d reconocieron que no tendr\u00e1n el tiempo necesario para establecer una nueva sigla pol\u00edtica, por lo cual siguen en conversaciones con otros partidos en la perspectiva de hacer una alianza.<br \/>\n\u201cHay varias opciones todav\u00eda, todo se puede. O sea estamos buscando ese acercamiento, en estos d\u00edas vamos a dar seguramente la nueva noticia a nivel nacional informando la alianza con qu\u00e9 sigla vamos a participar\u201d, manifest\u00f3 el dirigente Pedro Llanque.<br \/>\nAclararon que a\u00fan no renuncian a la sigla del MAS, pero pretenden recuperarla una vez logren la victoria electoral este a\u00f1o.<br \/>\nAsimismo, los \u201cevistas\u201d ratificaron a Evo Morales como su candidato a la presidencia. Descartaron que haya un \u201cplan b\u201d en la postulaci\u00f3n.<br \/>\n\u201cA no caer en el juego de este gobierno traidor, de que hay un plan \u2018b\u2019. Los \u00fanicos que manejan el plan \u2018b\u2019 es el gobierno traidor, la extrema derecha, la embajada de Estados Unidos\u201d, afirm\u00f3 el dirigente Enrique Mamani.<br \/>\nTambi\u00e9n los \u00abevistas\u00bb descartaron conflicto con Andr\u00f3nico Rodr\u00edguez, de quien aseguraron que es \u00abhijo del pueblo\u00bb y de Evo Morales.<\/p>\n","protected":false},"excerpt":{"rendered":"<p>Luego de que perdi\u00f3 la sigla del MAS-IPSP, el ala \u201cevista\u201d anunci\u00f3 que refundar\u00e1 el Instrumento Pol\u00edtico en un congreso a realizarse del 29 al 31 de marzo en el departamento de Cochabamba. En conferencia de prensa, los \u201cevistas\u201d denunciaron que el presidente Luis Arce les rob\u00f3 la sigla del MAS, por lo cual est\u00e1n [&hellip;]<\/p>\n","protected":false},"author":1,"featured_media":196,"comment_status":"","ping_status":"open","sticky":false,"template":"","format":"standard","meta":{"pagelayer_contact_templates":[],"_pagelayer_content":"","footnotes":""},"categories":[20],"tags":[],"class_list":{"0":"post-195","1":"post","2":"type-post","3":"status-publish","4":"format-standard","5":"has-post-thumbnail","7":"category-politica"},"_links":{"self":[{"href":"https:\/\/jms.com.bo\/mediamonitorbo\/wp-json\/wp\/v2\/posts\/195","targetHints":{"allow":["GET"]}}],"collection":[{"href":"https:\/\/jms.com.bo\/mediamonitorbo\/wp-json\/wp\/v2\/posts"}],"about":[{"href":"https:\/\/jms.com.bo\/mediamonitorbo\/wp-json\/wp\/v2\/types\/post"}],"author":[{"embeddable":true,"href":"https:\/\/jms.com.bo\/mediamonitorbo\/wp-json\/wp\/v2\/users\/1"}],"replies":[{"embeddable":true,"href":"https:\/\/jms.com.bo\/mediamonitorbo\/wp-json\/wp\/v2\/comments?post=195"}],"version-history":[{"count":0,"href":"https:\/\/jms.com.bo\/mediamonitorbo\/wp-json\/wp\/v2\/posts\/195\/revisions"}],"wp:featuredmedia":[{"embeddable":true,"href":"https:\/\/jms.com.bo\/mediamonitorbo\/wp-json\/wp\/v2\/media\/196"}],"wp:attachment":[{"href":"https:\/\/jms.com.bo\/mediamonitorbo\/wp-json\/wp\/v2\/media?parent=195"}],"wp:term":[{"taxonomy":"category","embeddable":true,"href":"https:\/\/jms.com.bo\/mediamonitorbo\/wp-json\/wp\/v2\/categories?post=195"},{"taxonomy":"post_tag","embeddable":true,"href":"https:\/\/jms.com.bo\/mediamonitorbo\/wp-json\/wp\/v2\/tags?post=195"}],"curies":[{"name":"wp","href":"https:\/\/api.w.org\/{rel}","templated":true}]}}