{"id":1957,"date":"2025-03-27T07:27:23","date_gmt":"2025-03-27T11:27:23","guid":{"rendered":"https:\/\/jms.com.bo\/mediamonitorbo\/2025\/03\/27\/diputados-convoca-nueva-sesion-sin-agendar-los-creditos-en-el-orden-del-dia\/"},"modified":"2025-03-27T07:27:23","modified_gmt":"2025-03-27T11:27:23","slug":"diputados-convoca-nueva-sesion-sin-agendar-los-creditos-en-el-orden-del-dia","status":"publish","type":"post","link":"https:\/\/jms.com.bo\/mediamonitorbo\/2025\/03\/27\/diputados-convoca-nueva-sesion-sin-agendar-los-creditos-en-el-orden-del-dia\/","title":{"rendered":"Diputados convoca nueva sesi\u00f3n sin agendar los cr\u00e9ditos en el orden del d\u00eda"},"content":{"rendered":"<p>La directiva de la C\u00e1mara de Diputados ha convocado una sesi\u00f3n para este jueves 27 de marzo, sin embargo, no ha tomado en cuenta en la agenda los cr\u00e9ditos internacionales que estaban pendientes del anterior debate.<br \/>\nLa semana pasada, la C\u00e1mara Baja ten\u00eda en agenda de sesi\u00f3n cuatro cr\u00e9ditos internacionales que sumaban 335 millones de d\u00f3lares, pero el presidente camaral, Omar Yujra del ala \u201carcista\u201d, dispuso suspender el debate bajo el argumento de que las leyes a\u00fan requer\u00edan un tiempo de consideraci\u00f3n.<br \/>\nPara la nueva sesi\u00f3n de este jueves, se agend\u00f3 en el primer punto el proyecto de ley para el debate obligatorio de candidatos, que hab\u00eda quedado pendiente de la semana pasada, sin embargo, en el orden del d\u00eda ya no se encuentran los cr\u00e9ditos y se incorpor\u00f3 siete proyectos de transferencia o enajenaci\u00f3n de bienes.<br \/>\nEl Gobierno insiste con que la Asamblea apruebe cr\u00e9ditos internacionales para generar un influjo de d\u00f3lares a la econom\u00eda, que permita importar combustibles. Sin embargo, la oposici\u00f3n y el \u201cevismo\u201d rechazan los pr\u00e9stamos y perciben que el \u201carcismo\u201d calcula las convocatorias a sesiones en funci\u00f3n de los votos que consigue a su favor.<\/p>\n","protected":false},"excerpt":{"rendered":"<p>La directiva de la C\u00e1mara de Diputados ha convocado una sesi\u00f3n para este jueves 27 de marzo, sin embargo, no ha tomado en cuenta en la agenda los cr\u00e9ditos internacionales que estaban pendientes del anterior debate. La semana pasada, la C\u00e1mara Baja ten\u00eda en agenda de sesi\u00f3n cuatro cr\u00e9ditos internacionales que sumaban 335 millones de [&hellip;]<\/p>\n","protected":false},"author":1,"featured_media":1958,"comment_status":"","ping_status":"open","sticky":false,"template":"","format":"standard","meta":{"pagelayer_contact_templates":[],"_pagelayer_content":"","footnotes":""},"categories":[20,24,30],"tags":[],"class_list":{"0":"post-1957","1":"post","2":"type-post","3":"status-publish","4":"format-standard","5":"has-post-thumbnail","7":"category-politica","8":"category-portada-general-sitio","9":"category-portada-politica"},"_links":{"self":[{"href":"https:\/\/jms.com.bo\/mediamonitorbo\/wp-json\/wp\/v2\/posts\/1957","targetHints":{"allow":["GET"]}}],"collection":[{"href":"https:\/\/jms.com.bo\/mediamonitorbo\/wp-json\/wp\/v2\/posts"}],"about":[{"href":"https:\/\/jms.com.bo\/mediamonitorbo\/wp-json\/wp\/v2\/types\/post"}],"author":[{"embeddable":true,"href":"https:\/\/jms.com.bo\/mediamonitorbo\/wp-json\/wp\/v2\/users\/1"}],"replies":[{"embeddable":true,"href":"https:\/\/jms.com.bo\/mediamonitorbo\/wp-json\/wp\/v2\/comments?post=1957"}],"version-history":[{"count":0,"href":"https:\/\/jms.com.bo\/mediamonitorbo\/wp-json\/wp\/v2\/posts\/1957\/revisions"}],"wp:featuredmedia":[{"embeddable":true,"href":"https:\/\/jms.com.bo\/mediamonitorbo\/wp-json\/wp\/v2\/media\/1958"}],"wp:attachment":[{"href":"https:\/\/jms.com.bo\/mediamonitorbo\/wp-json\/wp\/v2\/media?parent=1957"}],"wp:term":[{"taxonomy":"category","embeddable":true,"href":"https:\/\/jms.com.bo\/mediamonitorbo\/wp-json\/wp\/v2\/categories?post=1957"},{"taxonomy":"post_tag","embeddable":true,"href":"https:\/\/jms.com.bo\/mediamonitorbo\/wp-json\/wp\/v2\/tags?post=1957"}],"curies":[{"name":"wp","href":"https:\/\/api.w.org\/{rel}","templated":true}]}}