{"id":1969,"date":"2025-03-27T07:16:36","date_gmt":"2025-03-27T11:16:36","guid":{"rendered":"https:\/\/jms.com.bo\/mediamonitorbo\/2025\/03\/27\/despidos-y-las-deudas-salariales-movilizan-al-sector-fabril-del-pais\/"},"modified":"2025-03-27T07:16:36","modified_gmt":"2025-03-27T11:16:36","slug":"despidos-y-las-deudas-salariales-movilizan-al-sector-fabril-del-pais","status":"publish","type":"post","link":"https:\/\/jms.com.bo\/mediamonitorbo\/2025\/03\/27\/despidos-y-las-deudas-salariales-movilizan-al-sector-fabril-del-pais\/","title":{"rendered":"Despidos y las deudas salariales movilizan al sector fabril del pa\u00eds"},"content":{"rendered":"<p>El sector obrero en Bolivia enfrenta una crisis marcada por despidos masivos, deudas de salarios y una creciente incertidumbre laboral. A esto se suma la presi\u00f3n de la Central Obrera Boliviana (COB) para lograr un incremento salarial del 15% al salario m\u00ednimo y del 20% al salario b\u00e1sico, lo que ha generado preocupaci\u00f3n en el empresariado privado, que advierte m\u00e1s despidos en caso que el Gobierno ceda a este pedido.<br \/>\nEl pasado martes los trabajadores fabriles han tomado las calles de diversas ciudades capitales del pa\u00eds en protesta por el despido de obreros en empresas p\u00fablicas y privadas. En La Paz, Cochabamba, Santa Cruz y Tarija se realizaron marchas en defensa de la estabilidad laboral y en rechazo a la inacci\u00f3n del Ministerio de Trabajo, frente a lo que consideran una vulneraci\u00f3n de sus derechos.<br \/>\nLos manifestantes han denunciado que muchos trabajadores est\u00e1n siendo reemplazados por eventuales o externos, otros han sufrido reducciones salariales y algunos han sido obligados a tomar vacaciones colectivas sin previo aviso.<br \/>\nTrabajo Mientras los trabajadores exigen incremento salarial, los empresarios advierten riesgo de colapso y posibles despidos masivos<br \/>\nAsimismo, reclamaron la falta de d\u00f3lares, la p\u00e9rdida del poder adquisitivo de la moneda nacional y el incremento de precios de la canasta b\u00e1sica familiar.<br \/>\nEn La Paz, los fabriles se concentraron frente al Ministerio de Trabajo exigiendo la renuncia del ministro Erland Rodr\u00edguez, a quien acusan de aprobar resoluciones que obstaculizan la reincorporaci\u00f3n de los despedidos y otras reivindicaciones laborales.<br \/>\nMientras que en Tarija, se movilizaron hasta la plaza Luis de Fuentes para manifestar su estado de emergencia ante la coyuntura econ\u00f3mica del pa\u00eds, agravada por la escasez de carburantes y la ola de despidos que, seg\u00fan su dirigente, Luis Mart\u00ednez, ha afectado al 50% de los trabajadores del sector fabril en empresas tanto p\u00fablicas como privadas.<br \/>\nEl Gobierno<br \/>\nMientras tanto, el ministro de Trabajo, Erland Rodr\u00edguez, ha anunciado que esta semana comenzar\u00e1n las negociaciones con la COB para atender su pliego petitorio. En sus declaraciones, asegur\u00f3 que se instalar\u00e1n mesas de trabajo para analizar las demandas y que se espera llegar a una respuesta definitiva antes del 1 de mayo, D\u00eda del Trabajador.<br \/>\n\u201cVamos a comenzar las mesas de trabajo con la solicitud que est\u00e1n haciendo los hermanos de la Central Obrera Boliviana y as\u00ed dar una respuesta para el 1 de mayo. Vamos a empezar la siguiente semana\u201d, afirm\u00f3.<br \/>\nRespecto al pedido de incremento salarial, asegur\u00f3 que el gabinete econ\u00f3mico del Gobierno analizar\u00e1 la solicitud y definir\u00e1 si es viable o no; y l\u00f3gicamente negociar\u00e1 en la respectiva mesa con la COB. Sin embargo, el Ministro no ha dado respuestas sobre la situaci\u00f3n de los trabajadores fabriles aparentemente despedidos.<br \/>\nCon anterioridad, el presidente del Colegio de Economistas de Tarija, Fernando Romero, hab\u00eda advertido de un desequilibrio en la balanza cambiaria que afecta tanto al sector p\u00fablico como privado, esto influenciado por la escasez de la divisa americana que se arrastra desde hace dos a\u00f1os atr\u00e1s, lo que ha afectado de manera negativa las importaciones y producci\u00f3n de las empresas.<br \/>\nEn esa l\u00ednea, se\u00f1al\u00f3 que tanto el sector p\u00fablico como privado est\u00e1n haciendo ajustes para adecuarse a esta nueva realidad. Pero puso la mirada en el Gobierno Nacional, haciendo menci\u00f3n que para enfrentar esta crisis, deber\u00e1 realizar una reducci\u00f3n al aparato estatal, del que estima tiene alrededor de 600.000 funcionarios a nivel nacional en sus diferentes reparticiones, generando un supernumerario.<br \/>\nEmpresarios no son tomados en cuenta<br \/>\nFrente al pedido de incremento salarial por parte de la COB, desde la Federaci\u00f3n de Empresarios Privados de Tarija (FEPT), su presidente, Ren\u00e9 Segovia, advirti\u00f3 que un incremento salatial desmesurado puede llevar a la quiebra a varias empresas, m\u00e1s ahora que ha disminuido la productividad de estas, debido a la escasez de d\u00f3lares.<br \/>\nAsimismo, lament\u00f3 que el nivel central del Estado no tome en cuenta al empresariado privado e industrial para tomar este tipo de decisiones.<\/p>\n","protected":false},"excerpt":{"rendered":"<p>El sector obrero en Bolivia enfrenta una crisis marcada por despidos masivos, deudas de salarios y una creciente incertidumbre laboral. A esto se suma la presi\u00f3n de la Central Obrera Boliviana (COB) para lograr un incremento salarial del 15% al salario m\u00ednimo y del 20% al salario b\u00e1sico, lo que ha generado preocupaci\u00f3n en el [&hellip;]<\/p>\n","protected":false},"author":1,"featured_media":1970,"comment_status":"","ping_status":"open","sticky":false,"template":"","format":"standard","meta":{"pagelayer_contact_templates":[],"_pagelayer_content":"","footnotes":""},"categories":[22],"tags":[],"class_list":{"0":"post-1969","1":"post","2":"type-post","3":"status-publish","4":"format-standard","5":"has-post-thumbnail","7":"category-social"},"_links":{"self":[{"href":"https:\/\/jms.com.bo\/mediamonitorbo\/wp-json\/wp\/v2\/posts\/1969","targetHints":{"allow":["GET"]}}],"collection":[{"href":"https:\/\/jms.com.bo\/mediamonitorbo\/wp-json\/wp\/v2\/posts"}],"about":[{"href":"https:\/\/jms.com.bo\/mediamonitorbo\/wp-json\/wp\/v2\/types\/post"}],"author":[{"embeddable":true,"href":"https:\/\/jms.com.bo\/mediamonitorbo\/wp-json\/wp\/v2\/users\/1"}],"replies":[{"embeddable":true,"href":"https:\/\/jms.com.bo\/mediamonitorbo\/wp-json\/wp\/v2\/comments?post=1969"}],"version-history":[{"count":0,"href":"https:\/\/jms.com.bo\/mediamonitorbo\/wp-json\/wp\/v2\/posts\/1969\/revisions"}],"wp:featuredmedia":[{"embeddable":true,"href":"https:\/\/jms.com.bo\/mediamonitorbo\/wp-json\/wp\/v2\/media\/1970"}],"wp:attachment":[{"href":"https:\/\/jms.com.bo\/mediamonitorbo\/wp-json\/wp\/v2\/media?parent=1969"}],"wp:term":[{"taxonomy":"category","embeddable":true,"href":"https:\/\/jms.com.bo\/mediamonitorbo\/wp-json\/wp\/v2\/categories?post=1969"},{"taxonomy":"post_tag","embeddable":true,"href":"https:\/\/jms.com.bo\/mediamonitorbo\/wp-json\/wp\/v2\/tags?post=1969"}],"curies":[{"name":"wp","href":"https:\/\/api.w.org\/{rel}","templated":true}]}}