{"id":1975,"date":"2025-03-27T07:09:59","date_gmt":"2025-03-27T11:09:59","guid":{"rendered":"https:\/\/jms.com.bo\/mediamonitorbo\/2025\/03\/27\/veto-a-exportacion-de-carne-de-res-se-mantiene-pese-a-rebaja-en-el-precio\/"},"modified":"2025-03-27T07:09:59","modified_gmt":"2025-03-27T11:09:59","slug":"veto-a-exportacion-de-carne-de-res-se-mantiene-pese-a-rebaja-en-el-precio","status":"publish","type":"post","link":"https:\/\/jms.com.bo\/mediamonitorbo\/2025\/03\/27\/veto-a-exportacion-de-carne-de-res-se-mantiene-pese-a-rebaja-en-el-precio\/","title":{"rendered":"Veto a exportaci\u00f3n de carne de res se mantiene pese a rebaja en el precio"},"content":{"rendered":"<p>A pocos d\u00edas de que se cumplan dos meses del veto a nuevas autorizaciones para la exportaci\u00f3n de carne de res, el Gobierno mantiene la medida, pese a que el precio del producto en el mercado interno comienza a rebajar.<br \/>\nDe acuerdo con el viceministro de Pol\u00edticas de Industrializaci\u00f3n, Luis Siles, el kilo de carne de res tiene una tendencia a la baja, pero es irregular, pues en algunos momentos vuelve a subir. Lo que quiere el Gobierno es que la rebaja sea estable.<br \/>\n\u201cLo que tenemos que verificar es que la tendencia a la baja se mantenga, porque hemos visto unos periodos en los que el precio baja y otros d\u00edas vuelve a subir. Tenemos que hacer todos los esfuerzos para que la carne baje m\u00e1s todav\u00eda\u201d, afirm\u00f3 este mi\u00e9rcoles en conferencia de prensa.<br \/>\nCarne<br \/>\nSeg\u00fan la autoridad, la Empresa de Apoyo a la Producci\u00f3n de Alimentos (Emapa) comercializa el kilo gancho a Bs 34,5, lo que gener\u00f3 que el precio del kilo de carne para el consumidor final rebaje a Bs 45, de acuerdo con un verificativo del Viceministerio de Defensa de los Derechos del Usuario y del Consumidor.<br \/>\nInclusive, la reducci\u00f3n de los costos del producto se observa en los supermercados, donde lleg\u00f3 a comercializarse hasta en m\u00e1s de Bs 60.<br \/>\nSiles indic\u00f3 que se debe seguir trabajando de manera conjunta para liberar las exportaciones, pero garantizando el abastecimiento interno a precios justos.<br \/>\n\u201cLiberar a la brevedad las exportaciones es un trabajo de todos, de las industrias, de los ganaderos y el Gobierno\u201d, indic\u00f3.<br \/>\nA este trabajo coordinado, el viceministro pidi\u00f3 a las intendencias municipales sumarse al control de precios, pues el alza de los costos tambi\u00e9n se explica por las acciones de algunos \u201ccarniceros e intermediarios\u201d.<br \/>\n\u201cAh\u00ed pedimos (ayuda) a las intendencias; estamos haciendo un esfuerzo con los ganaderos, con las industrias de carne para rebajar el precio del kilo gancho, entonces necesitamos que esto se vea reflejado en las carnicer\u00edas; entonces las intendencias tienen que ayudarnos a controlar\u201d, exhort\u00f3 Siles.<br \/>\nEl viceministro anunci\u00f3 que la pr\u00f3xima semana se seguir\u00e1n realizando controles para verificar la reducci\u00f3n en los costos de la carne de res.<\/p>\n","protected":false},"excerpt":{"rendered":"<p>A pocos d\u00edas de que se cumplan dos meses del veto a nuevas autorizaciones para la exportaci\u00f3n de carne de res, el Gobierno mantiene la medida, pese a que el precio del producto en el mercado interno comienza a rebajar. De acuerdo con el viceministro de Pol\u00edticas de Industrializaci\u00f3n, Luis Siles, el kilo de carne [&hellip;]<\/p>\n","protected":false},"author":1,"featured_media":1976,"comment_status":"","ping_status":"open","sticky":false,"template":"","format":"standard","meta":{"pagelayer_contact_templates":[],"_pagelayer_content":"","footnotes":""},"categories":[26],"tags":[],"class_list":{"0":"post-1975","1":"post","2":"type-post","3":"status-publish","4":"format-standard","5":"has-post-thumbnail","7":"category-alimentos-y-agroindustria"},"_links":{"self":[{"href":"https:\/\/jms.com.bo\/mediamonitorbo\/wp-json\/wp\/v2\/posts\/1975","targetHints":{"allow":["GET"]}}],"collection":[{"href":"https:\/\/jms.com.bo\/mediamonitorbo\/wp-json\/wp\/v2\/posts"}],"about":[{"href":"https:\/\/jms.com.bo\/mediamonitorbo\/wp-json\/wp\/v2\/types\/post"}],"author":[{"embeddable":true,"href":"https:\/\/jms.com.bo\/mediamonitorbo\/wp-json\/wp\/v2\/users\/1"}],"replies":[{"embeddable":true,"href":"https:\/\/jms.com.bo\/mediamonitorbo\/wp-json\/wp\/v2\/comments?post=1975"}],"version-history":[{"count":0,"href":"https:\/\/jms.com.bo\/mediamonitorbo\/wp-json\/wp\/v2\/posts\/1975\/revisions"}],"wp:featuredmedia":[{"embeddable":true,"href":"https:\/\/jms.com.bo\/mediamonitorbo\/wp-json\/wp\/v2\/media\/1976"}],"wp:attachment":[{"href":"https:\/\/jms.com.bo\/mediamonitorbo\/wp-json\/wp\/v2\/media?parent=1975"}],"wp:term":[{"taxonomy":"category","embeddable":true,"href":"https:\/\/jms.com.bo\/mediamonitorbo\/wp-json\/wp\/v2\/categories?post=1975"},{"taxonomy":"post_tag","embeddable":true,"href":"https:\/\/jms.com.bo\/mediamonitorbo\/wp-json\/wp\/v2\/tags?post=1975"}],"curies":[{"name":"wp","href":"https:\/\/api.w.org\/{rel}","templated":true}]}}