{"id":1983,"date":"2025-03-26T07:22:58","date_gmt":"2025-03-26T11:22:58","guid":{"rendered":"https:\/\/jms.com.bo\/mediamonitorbo\/2025\/03\/26\/micreros-denuncian-bloqueo-en-el-sistema-por-dos-cargas-de-combustibles-al-dia\/"},"modified":"2025-03-26T07:22:58","modified_gmt":"2025-03-26T11:22:58","slug":"micreros-denuncian-bloqueo-en-el-sistema-por-dos-cargas-de-combustibles-al-dia","status":"publish","type":"post","link":"https:\/\/jms.com.bo\/mediamonitorbo\/2025\/03\/26\/micreros-denuncian-bloqueo-en-el-sistema-por-dos-cargas-de-combustibles-al-dia\/","title":{"rendered":"Micreros denuncian bloqueo en el sistema por dos cargas de combustibles al d\u00eda"},"content":{"rendered":"<p>El dirigente de los micreros, Segundo Ricaldi, denunci\u00f3 que la Agencia Nacional de Hidrocarburos (ANH) bloque\u00f3 cerca de 1.000 unidades del servicio de transporte, por realizar dos cargas de di\u00e9sel al d\u00eda. \u00abEs un abuso porque se est\u00e1 perjudicando a un sector que viene sufriendo por la escasez de combustible\u00bb, remarc\u00f3.<br \/>\nRicaldi inform\u00f3 a EL DEBER Radio que la noche de este martes se tiene prevista una reuni\u00f3n con las autoridades de la ANH para solicitar una explicaci\u00f3n al respecto. Sin embargo, adelant\u00f3 que de no encontrar una soluci\u00f3n oportuna a esta situaci\u00f3n, ingresar\u00e1n a un paro.<br \/>\n\u00abDesde hace una semana ha sido persistente el bloqueo de placas a los micros que han echado dos veces combustible y no se puede echar m\u00e1s. Es una irresponsabilidad, porque no hay unidades trabajando. El Gobierno bloquea a los micros\u00bb, remarc\u00f3 el dirigente del transporte.<br \/>\nDesde la ANH<br \/>\nLesly Lanza, desde la instancia nacional en Santa Cruz, aclar\u00f3 que si se han bloqueado unidades del servicio de transporte no ha sido de manera arbitraria, ni mal intensionada.<br \/>\n\u00abSe ha observado vi\u00f1etas da\u00f1adas que bien se pueden subsanar con su respectiva reposici\u00f3n\u00bb, remarc\u00f3 Lanza, a tiempo de indicar que la reuni\u00f3n se ha previsto para el jueves y directamente con el director Ejecutivo de la ANH, Germ\u00e1n Jimenez.<br \/>\nLa situaci\u00f3n de los micreros<br \/>\nEn la capital cruce\u00f1a es evidente la disminuci\u00f3n de unidades del servicio de transporte p\u00fablico. La dirigencia atribuye a la falta de combustible.<\/p>\n","protected":false},"excerpt":{"rendered":"<p>El dirigente de los micreros, Segundo Ricaldi, denunci\u00f3 que la Agencia Nacional de Hidrocarburos (ANH) bloque\u00f3 cerca de 1.000 unidades del servicio de transporte, por realizar dos cargas de di\u00e9sel al d\u00eda. \u00abEs un abuso porque se est\u00e1 perjudicando a un sector que viene sufriendo por la escasez de combustible\u00bb, remarc\u00f3. Ricaldi inform\u00f3 a EL [&hellip;]<\/p>\n","protected":false},"author":1,"featured_media":1984,"comment_status":"","ping_status":"open","sticky":false,"template":"","format":"standard","meta":{"pagelayer_contact_templates":[],"_pagelayer_content":"","footnotes":""},"categories":[23,17],"tags":[],"class_list":{"0":"post-1983","1":"post","2":"type-post","3":"status-publish","4":"format-standard","5":"has-post-thumbnail","7":"category-bolivia","8":"category-oil-gas"},"_links":{"self":[{"href":"https:\/\/jms.com.bo\/mediamonitorbo\/wp-json\/wp\/v2\/posts\/1983","targetHints":{"allow":["GET"]}}],"collection":[{"href":"https:\/\/jms.com.bo\/mediamonitorbo\/wp-json\/wp\/v2\/posts"}],"about":[{"href":"https:\/\/jms.com.bo\/mediamonitorbo\/wp-json\/wp\/v2\/types\/post"}],"author":[{"embeddable":true,"href":"https:\/\/jms.com.bo\/mediamonitorbo\/wp-json\/wp\/v2\/users\/1"}],"replies":[{"embeddable":true,"href":"https:\/\/jms.com.bo\/mediamonitorbo\/wp-json\/wp\/v2\/comments?post=1983"}],"version-history":[{"count":0,"href":"https:\/\/jms.com.bo\/mediamonitorbo\/wp-json\/wp\/v2\/posts\/1983\/revisions"}],"wp:featuredmedia":[{"embeddable":true,"href":"https:\/\/jms.com.bo\/mediamonitorbo\/wp-json\/wp\/v2\/media\/1984"}],"wp:attachment":[{"href":"https:\/\/jms.com.bo\/mediamonitorbo\/wp-json\/wp\/v2\/media?parent=1983"}],"wp:term":[{"taxonomy":"category","embeddable":true,"href":"https:\/\/jms.com.bo\/mediamonitorbo\/wp-json\/wp\/v2\/categories?post=1983"},{"taxonomy":"post_tag","embeddable":true,"href":"https:\/\/jms.com.bo\/mediamonitorbo\/wp-json\/wp\/v2\/tags?post=1983"}],"curies":[{"name":"wp","href":"https:\/\/api.w.org\/{rel}","templated":true}]}}