{"id":1985,"date":"2025-03-26T07:20:04","date_gmt":"2025-03-26T11:20:04","guid":{"rendered":"https:\/\/jms.com.bo\/mediamonitorbo\/2025\/03\/26\/hidroelectrica-ivirizu-muy-pronto-aportara-29020-megavatios-de-energia-limpia-y-renovable-a-bolivia\/"},"modified":"2025-03-26T07:20:04","modified_gmt":"2025-03-26T11:20:04","slug":"hidroelectrica-ivirizu-muy-pronto-aportara-29020-megavatios-de-energia-limpia-y-renovable-a-bolivia","status":"publish","type":"post","link":"https:\/\/jms.com.bo\/mediamonitorbo\/2025\/03\/26\/hidroelectrica-ivirizu-muy-pronto-aportara-29020-megavatios-de-energia-limpia-y-renovable-a-bolivia\/","title":{"rendered":"Hidroel\u00e9ctrica Ivirizu muy pronto aportar\u00e1 290,20 megavatios de energ\u00eda limpia y renovable a Bolivia"},"content":{"rendered":"<p>La construcci\u00f3n del Proyecto Hidroel\u00e9ctrico Ivirizu tiene un avance f\u00edsico de 91,8% y \u201cmuy pronto\u201d aportar\u00e1 290,20 megavatios de energ\u00eda a Bolivia desde Cochabamba, donde est\u00e1n las centrales hidroel\u00e9ctricas que son parte de las principales fuentes de energ\u00eda limpia y renovable, inform\u00f3 el presidente Luis Arce.<br \/>\n\u201cDesde diciembre de 2024, se ha iniciado el llenado del embalse de la presa Sehuencas, marcando el camino hacia el inicio de operaciones de este ambicioso proyecto. Ubicado entre las cuencas de los r\u00edos Ivirizu y Cristal Mayu, abarca los municipios de Tiraque, Totora, Pocona y Vacas, y representa una inversi\u00f3n significativa de Bs 4.425 millones\u201d, explic\u00f3 en un post en sus cuentas en redes sociales.<br \/>\nEl emplazamiento de la hidroel\u00e9ctrica incluy\u00f3 la construcci\u00f3n de una presa de gravedad de 125 metros de altura, con un complejo de t\u00faneles, viales de acceso, casas de m\u00e1quinas (Sehuencas y Juntas) con una potencia instalada conjunta de 290,22 megavatios (MW) y subestaciones para lograr el cambio de matriz energ\u00e9tica, reducir el impacto en el medio ambiente y obtener un ahorro en el consumo de gas natural y di\u00e9sel.<br \/>\nEl Proyecto Hidroel\u00e9ctrico Ivirizu se sumar\u00e1 a las centrales hidroel\u00e9ctricas de Misicuni, Corani, Santa Isabel, San Jos\u00e9 1 y San Jos\u00e9 2, todos ubicadas en Cochabamba.<br \/>\n\u201cGracias a la tecnolog\u00eda moderna y una gesti\u00f3n eficiente, estas obras no solo impulsan el desarrollo de Bolivia, sino que tambi\u00e9n respetan nuestro entorno natural\u201d, destac\u00f3 Arce.<br \/>\nDe acuerdo con datos del Comit\u00e9 Nacional de Despacho de Carga (CNDC) las hidroel\u00e9ctricas concentraron el 31,91% de la producci\u00f3n bruta de generaci\u00f3n el\u00e9ctrica a escala nacional en enero; en tanto las termoel\u00e9ctrica generaron el 64,43 %, la e\u00f3lica 1,18 % y la solar el 2,47 %.<br \/>\nLa capacidad de generaci\u00f3n en enero fue de 3,142.24 MW. En tanto, la demanda m\u00e1xima de potencia del Mercado El\u00e9ctrico Mayorista (MEM) fue de 1,717.38 MW el viernes 17 de enero del 2025, a las 14h30.<\/p>\n","protected":false},"excerpt":{"rendered":"<p>La construcci\u00f3n del Proyecto Hidroel\u00e9ctrico Ivirizu tiene un avance f\u00edsico de 91,8% y \u201cmuy pronto\u201d aportar\u00e1 290,20 megavatios de energ\u00eda a Bolivia desde Cochabamba, donde est\u00e1n las centrales hidroel\u00e9ctricas que son parte de las principales fuentes de energ\u00eda limpia y renovable, inform\u00f3 el presidente Luis Arce. \u201cDesde diciembre de 2024, se ha iniciado el llenado [&hellip;]<\/p>\n","protected":false},"author":1,"featured_media":1986,"comment_status":"","ping_status":"open","sticky":false,"template":"","format":"standard","meta":{"pagelayer_contact_templates":[],"_pagelayer_content":"","footnotes":""},"categories":[18,28,24],"tags":[],"class_list":{"0":"post-1985","1":"post","2":"type-post","3":"status-publish","4":"format-standard","5":"has-post-thumbnail","7":"category-energia","8":"category-portada-energia","9":"category-portada-general-sitio"},"_links":{"self":[{"href":"https:\/\/jms.com.bo\/mediamonitorbo\/wp-json\/wp\/v2\/posts\/1985","targetHints":{"allow":["GET"]}}],"collection":[{"href":"https:\/\/jms.com.bo\/mediamonitorbo\/wp-json\/wp\/v2\/posts"}],"about":[{"href":"https:\/\/jms.com.bo\/mediamonitorbo\/wp-json\/wp\/v2\/types\/post"}],"author":[{"embeddable":true,"href":"https:\/\/jms.com.bo\/mediamonitorbo\/wp-json\/wp\/v2\/users\/1"}],"replies":[{"embeddable":true,"href":"https:\/\/jms.com.bo\/mediamonitorbo\/wp-json\/wp\/v2\/comments?post=1985"}],"version-history":[{"count":0,"href":"https:\/\/jms.com.bo\/mediamonitorbo\/wp-json\/wp\/v2\/posts\/1985\/revisions"}],"wp:featuredmedia":[{"embeddable":true,"href":"https:\/\/jms.com.bo\/mediamonitorbo\/wp-json\/wp\/v2\/media\/1986"}],"wp:attachment":[{"href":"https:\/\/jms.com.bo\/mediamonitorbo\/wp-json\/wp\/v2\/media?parent=1985"}],"wp:term":[{"taxonomy":"category","embeddable":true,"href":"https:\/\/jms.com.bo\/mediamonitorbo\/wp-json\/wp\/v2\/categories?post=1985"},{"taxonomy":"post_tag","embeddable":true,"href":"https:\/\/jms.com.bo\/mediamonitorbo\/wp-json\/wp\/v2\/tags?post=1985"}],"curies":[{"name":"wp","href":"https:\/\/api.w.org\/{rel}","templated":true}]}}