{"id":1987,"date":"2025-03-26T07:18:36","date_gmt":"2025-03-26T11:18:36","guid":{"rendered":"https:\/\/jms.com.bo\/mediamonitorbo\/2025\/03\/26\/bolivia-reafirma-compromiso-con-la-seguridad-y-uso-pacifico-de-la-tecnologia-nuclear-ante-el-organismo-de-energia-atomica\/"},"modified":"2025-03-26T07:18:36","modified_gmt":"2025-03-26T11:18:36","slug":"bolivia-reafirma-compromiso-con-la-seguridad-y-uso-pacifico-de-la-tecnologia-nuclear-ante-el-organismo-de-energia-atomica","status":"publish","type":"post","link":"https:\/\/jms.com.bo\/mediamonitorbo\/2025\/03\/26\/bolivia-reafirma-compromiso-con-la-seguridad-y-uso-pacifico-de-la-tecnologia-nuclear-ante-el-organismo-de-energia-atomica\/","title":{"rendered":"Bolivia reafirma compromiso con la seguridad y uso pac\u00edfico de la tecnolog\u00eda nuclear ante el Organismo de Energ\u00eda At\u00f3mica"},"content":{"rendered":"<p>El Gobierno reafirm\u00f3 este martes su compromiso con la seguridad internacional y el uso pac\u00edfico de la tecnolog\u00eda nuclear ante una misi\u00f3n del Servicio de Asesoramiento del Organismo Internacional de Energ\u00eda At\u00f3mica (OIEA) de visita oficial en Bolivia.<br \/>\nIntegrada por Alejandro Garc\u00eda Carrera (encargado de la misi\u00f3n), Marzia Baldassari (coordinadora), Lourdes Vez Carmona (especialista en el \u00e1rea legal) y Diego Mancipe (experto en salvaguardias) la misi\u00f3n de la OIEA inici\u00f3 su visita el lunes a Bolivia y este martes se reuni\u00f3 con la canciller Celinda Sosa.<br \/>\n\u201cRecibimos la visita del Servicio de Asesoramiento del Organismo Internacional de Energ\u00eda At\u00f3mica (OIEA), para verificar la implementaci\u00f3n del Acuerdo de Salvaguardias y garantizar que los materiales y actividades nucleares sean usados con fines pac\u00edficos. Tambi\u00e9n, se eval\u00faa la previsi\u00f3n de su uso para armamento, reafirmando el compromiso de Bolivia con la seguridad internacional\u201d, inform\u00f3 el Ministerio de Relaciones Exteriores por sus redes sociales.<br \/>\nEste encuentro, acot\u00f3, tiene el fin de garantizar el cumplimiento de los m\u00e1s altos est\u00e1ndares internacionales en materia de control nuclear y de ratificar sus pol\u00edticas en favor de la transparencia y la paz.<br \/>\nEl Ministerio de Hidrocarburos y Energ\u00edas, a trav\u00e9s de la Autoridad de Fiscalizaci\u00f3n de Electricidad y Tecnolog\u00eda Nuclear (AETN), en coordinaci\u00f3n con el OIEA, gestion\u00f3 la realizaci\u00f3n de una Misi\u00f3n de Asesoramiento sobre el Sistema Nacional de Contabilidad y Control de Materiales Nucleares (ISSAS), entre 24 y el 28 de marzo de 2025.<br \/>\nEl pa\u00eds dio pasos firmes en la creaci\u00f3n de un entorno seguro y transparente para el desarrollo de su Programa Nuclear, a trav\u00e9s de la Agencia Boliviana de Energ\u00eda Nuclear (ABEN).<br \/>\nEl programa incluye la implementaci\u00f3n de infraestructuras clave, como el Complejo Ciclotr\u00f3n-Radiofarmacia Precl\u00ednica, el Complejo Multiprop\u00f3sito de Irradiaci\u00f3n, el Complejo Reactor Nuclear de Investigaci\u00f3n y la Red de Centros de Medicina Nuclear y Radioterapia en El Alto, Santa Cruz y La Paz. Estas instalaciones benefician a la poblaci\u00f3n, ya que se utilizan para la lucha contra el c\u00e1ncer, el desarrollo agro industrial y la soberan\u00eda tecnol\u00f3gica.<br \/>\nEl trabajo conjunto con el OIEA fortaleci\u00f3 las capacidades nacionales en tecnolog\u00eda nuclear mediante la capacitaci\u00f3n de recursos humanos y la actualizaci\u00f3n de la normativa radiol\u00f3gica-nuclear. Adem\u00e1s, Bolivia ratific\u00f3 convenios internacionales clave, como el Protocolo Adicional al Acuerdo de Salvaguardias (Ley 1532 de 2023).<br \/>\nLa Misi\u00f3n ISSAS aborda temas esenciales como el marco legal y regulatorio de Bolivia, el estado actual de las instalaciones nucleares, la elaboraci\u00f3n de un plan de acci\u00f3n para la aplicaci\u00f3n de salvaguardias y la preparaci\u00f3n de los reportes ISSAS.<br \/>\nUno de los aspectos fundamentales de la misi\u00f3n es la inspecci\u00f3n del Complejo Reactor Nuclear de Investigaci\u00f3n, cuya puesta en marcha est\u00e1 prevista para este a\u00f1o.<br \/>\nAl respecto, el viceministro de Energ\u00edas Alternativas, \u00c1lvaro Arnez, reafirm\u00f3 que \u201clos avances alcanzados son un reflejo de la seriedad y compromiso de Bolivia con el uso pac\u00edfico de la tecnolog\u00eda nuclear\u201d y asegur\u00f3 que el pa\u00eds continuar\u00e1 fortaleciendo su cooperaci\u00f3n con el OIEA, para garantizar la transparencia y seguridad en todas sus actividades nucleares<\/p>\n","protected":false},"excerpt":{"rendered":"<p>El Gobierno reafirm\u00f3 este martes su compromiso con la seguridad internacional y el uso pac\u00edfico de la tecnolog\u00eda nuclear ante una misi\u00f3n del Servicio de Asesoramiento del Organismo Internacional de Energ\u00eda At\u00f3mica (OIEA) de visita oficial en Bolivia. Integrada por Alejandro Garc\u00eda Carrera (encargado de la misi\u00f3n), Marzia Baldassari (coordinadora), Lourdes Vez Carmona (especialista en [&hellip;]<\/p>\n","protected":false},"author":1,"featured_media":1988,"comment_status":"","ping_status":"open","sticky":false,"template":"","format":"standard","meta":{"pagelayer_contact_templates":[],"_pagelayer_content":"","footnotes":""},"categories":[18],"tags":[],"class_list":{"0":"post-1987","1":"post","2":"type-post","3":"status-publish","4":"format-standard","5":"has-post-thumbnail","7":"category-energia"},"_links":{"self":[{"href":"https:\/\/jms.com.bo\/mediamonitorbo\/wp-json\/wp\/v2\/posts\/1987","targetHints":{"allow":["GET"]}}],"collection":[{"href":"https:\/\/jms.com.bo\/mediamonitorbo\/wp-json\/wp\/v2\/posts"}],"about":[{"href":"https:\/\/jms.com.bo\/mediamonitorbo\/wp-json\/wp\/v2\/types\/post"}],"author":[{"embeddable":true,"href":"https:\/\/jms.com.bo\/mediamonitorbo\/wp-json\/wp\/v2\/users\/1"}],"replies":[{"embeddable":true,"href":"https:\/\/jms.com.bo\/mediamonitorbo\/wp-json\/wp\/v2\/comments?post=1987"}],"version-history":[{"count":0,"href":"https:\/\/jms.com.bo\/mediamonitorbo\/wp-json\/wp\/v2\/posts\/1987\/revisions"}],"wp:featuredmedia":[{"embeddable":true,"href":"https:\/\/jms.com.bo\/mediamonitorbo\/wp-json\/wp\/v2\/media\/1988"}],"wp:attachment":[{"href":"https:\/\/jms.com.bo\/mediamonitorbo\/wp-json\/wp\/v2\/media?parent=1987"}],"wp:term":[{"taxonomy":"category","embeddable":true,"href":"https:\/\/jms.com.bo\/mediamonitorbo\/wp-json\/wp\/v2\/categories?post=1987"},{"taxonomy":"post_tag","embeddable":true,"href":"https:\/\/jms.com.bo\/mediamonitorbo\/wp-json\/wp\/v2\/tags?post=1987"}],"curies":[{"name":"wp","href":"https:\/\/api.w.org\/{rel}","templated":true}]}}