{"id":1989,"date":"2025-03-26T07:16:21","date_gmt":"2025-03-26T11:16:21","guid":{"rendered":"https:\/\/jms.com.bo\/mediamonitorbo\/2025\/03\/26\/comite-multisectorial-niega-acuerdo-por-combustibles-y-senala-que-el-gobierno-hizo-show\/"},"modified":"2025-03-26T07:16:21","modified_gmt":"2025-03-26T11:16:21","slug":"comite-multisectorial-niega-acuerdo-por-combustibles-y-senala-que-el-gobierno-hizo-show","status":"publish","type":"post","link":"https:\/\/jms.com.bo\/mediamonitorbo\/2025\/03\/26\/comite-multisectorial-niega-acuerdo-por-combustibles-y-senala-que-el-gobierno-hizo-show\/","title":{"rendered":"Comit\u00e9 Multisectorial niega acuerdo por combustibles y se\u00f1ala que el gobierno hizo show"},"content":{"rendered":"<p>Los sectores productivos de Santa Cruz se mantienen en emergencia e incertidumbre por la irregular provisi\u00f3n de di\u00e9sel, remarc\u00f3 el presidente de la C\u00e1mara Agropecuaria del Oriente (CAO). A\u00f1adi\u00f3 que de la reuni\u00f3n del Comit\u00e9 Multisectorial del lunes con el gobierno solo surgi\u00f3 un acta donde se le propuso a los funcionarios una propuesta de decreto para la liberaci\u00f3n de importaci\u00f3n de di\u00e9sel y gasolina, adem\u00e1s del retiro de ambos de la lista de sustancias controladas.<br \/>\n\u00abEn estos momentos seguimos con la incertidumbre, seguimos con la emergencia de di\u00e9sel y gasolina. Necesitamos reglas claras y medidas transversales que soluciones el problema\u00bb, enfatiz\u00f3 Frerking.<br \/>\nOswaldo Barriga, presidente de la C\u00e1mara de Exportadores de Santa Cruz (Cadex), agreg\u00f3 que la reuni\u00f3n del lunes fu un show m\u00e1s del gobierno y lament\u00f3 que tres ministros se hubieran hecho la burla de la propuesta del Comit\u00e9 Multisectorial. \u00abNo est\u00e1n siendo sinceros con la poblaci\u00f3n, el gobierno no est\u00e1 queriendo solucionar el problema de fondo que es la crisis estructural que la vemos en el caso de combustible, la falta de d\u00f3lares y la restricci\u00f3n de exportaciones\u00bb, critic\u00f3 el directivo, al remarcar que no hubo acuerdo.<br \/>\nEl dirigente gremial \u00c9dgar \u00c1lvarez cuestion\u00f3 que el gobierno se aprovech\u00f3 de la buena fe al salir el lunes a anunciar un acuerdo inexistente y dejar en entredicho al Comit\u00e9 Multisectorial, con el fin de enga\u00f1ar a la poblaci\u00f3n.<br \/>\nHerland Melgar, dirigente del transporte, lament\u00f3 que el gobierno dilate el sufrimiento de la poblaci\u00f3n al no viabilizar soluciones. Coincidi\u00f3 que el gobierno se aprovech\u00f3 de la buena fe de los t\u00e9cnicos. \u00abMientras estaban reunidos ayer, las colas continuaban, no hay di\u00e9sel, las carreteras est\u00e1n destruidas. Se comete delito por hacer y dejar de hacer y me refiero a las autoridades\u00bb, critic\u00f3 Melgar.<br \/>\nEl combustible se necesita de manera urgente, no solo para el agro, sino para el sector pecuario, para trasladar insumos, aves y producto faenado a centros de abastecimiento, dijo Omar Castro, presidente de la Asociaci\u00f3n de Avicultores de Santa Cruz (ADA), quien lament\u00f3 que el gobierno no deje de lado la ideolog\u00eda para tomar medidas pragm\u00e1ticas. \u201cToda esta log\u00edstica est\u00e1 quebrada. Est\u00e1 interrumpiendo nuestro ciclo productivo. Hay retraso en granjas. Todo eso est\u00e1 afectando nuestra cadena productiva\u201d, se\u00f1al\u00f3 Castro.<\/p>\n","protected":false},"excerpt":{"rendered":"<p>Los sectores productivos de Santa Cruz se mantienen en emergencia e incertidumbre por la irregular provisi\u00f3n de di\u00e9sel, remarc\u00f3 el presidente de la C\u00e1mara Agropecuaria del Oriente (CAO). A\u00f1adi\u00f3 que de la reuni\u00f3n del Comit\u00e9 Multisectorial del lunes con el gobierno solo surgi\u00f3 un acta donde se le propuso a los funcionarios una propuesta de [&hellip;]<\/p>\n","protected":false},"author":1,"featured_media":1990,"comment_status":"","ping_status":"open","sticky":false,"template":"","format":"standard","meta":{"pagelayer_contact_templates":[],"_pagelayer_content":"","footnotes":""},"categories":[19,29,24],"tags":[],"class_list":{"0":"post-1989","1":"post","2":"type-post","3":"status-publish","4":"format-standard","5":"has-post-thumbnail","7":"category-economia","8":"category-portada-economia","9":"category-portada-general-sitio"},"_links":{"self":[{"href":"https:\/\/jms.com.bo\/mediamonitorbo\/wp-json\/wp\/v2\/posts\/1989","targetHints":{"allow":["GET"]}}],"collection":[{"href":"https:\/\/jms.com.bo\/mediamonitorbo\/wp-json\/wp\/v2\/posts"}],"about":[{"href":"https:\/\/jms.com.bo\/mediamonitorbo\/wp-json\/wp\/v2\/types\/post"}],"author":[{"embeddable":true,"href":"https:\/\/jms.com.bo\/mediamonitorbo\/wp-json\/wp\/v2\/users\/1"}],"replies":[{"embeddable":true,"href":"https:\/\/jms.com.bo\/mediamonitorbo\/wp-json\/wp\/v2\/comments?post=1989"}],"version-history":[{"count":0,"href":"https:\/\/jms.com.bo\/mediamonitorbo\/wp-json\/wp\/v2\/posts\/1989\/revisions"}],"wp:featuredmedia":[{"embeddable":true,"href":"https:\/\/jms.com.bo\/mediamonitorbo\/wp-json\/wp\/v2\/media\/1990"}],"wp:attachment":[{"href":"https:\/\/jms.com.bo\/mediamonitorbo\/wp-json\/wp\/v2\/media?parent=1989"}],"wp:term":[{"taxonomy":"category","embeddable":true,"href":"https:\/\/jms.com.bo\/mediamonitorbo\/wp-json\/wp\/v2\/categories?post=1989"},{"taxonomy":"post_tag","embeddable":true,"href":"https:\/\/jms.com.bo\/mediamonitorbo\/wp-json\/wp\/v2\/tags?post=1989"}],"curies":[{"name":"wp","href":"https:\/\/api.w.org\/{rel}","templated":true}]}}