{"id":199,"date":"2025-01-30T06:45:10","date_gmt":"2025-01-30T10:45:10","guid":{"rendered":"https:\/\/jms.com.bo\/mediamonitorbo\/2025\/01\/30\/senado-aprueba-minuta-pide-destitucion-del-gerente-de-boa-y-del-director-de-la-dgac\/"},"modified":"2025-01-30T06:45:10","modified_gmt":"2025-01-30T10:45:10","slug":"senado-aprueba-minuta-pide-destitucion-del-gerente-de-boa-y-del-director-de-la-dgac","status":"publish","type":"post","link":"https:\/\/jms.com.bo\/mediamonitorbo\/2025\/01\/30\/senado-aprueba-minuta-pide-destitucion-del-gerente-de-boa-y-del-director-de-la-dgac\/","title":{"rendered":"Senado aprueba minuta; pide destituci\u00f3n del Gerente de BoA y del Director de la DGAC"},"content":{"rendered":"<p>El pleno de la C\u00e1mara de Senadores aprob\u00f3 este mi\u00e9rcoles una minuta de comunicaci\u00f3n en la que pide la destituci\u00f3n del gerente de Boliviana de Aviaci\u00f3n (BoA), Ronald Casso, y del jefe de la Direcci\u00f3n General de Aeron\u00e1utica Civil (DGAC), Jos\u00e9 Garc\u00eda, tras el incidente de una aeronave de BoA el lunes en Cochabamba.<br \/>\nLa minuta de Comunicaci\u00f3n fue presentada por la senadora Corina Ferreira (CC), quien indic\u00f3 que tras este incidente \u201cno basta con una simple auditor\u00eda, tienen que rodar cabezas\u201d.<br \/>\nEl incidente del avi\u00f3n de BoA se dio la tarde del lunes, cuando el vuelo OB 648, programado para despegar desde el aeropuerto Jorge Wilstermann, en Cochabamba, hacia Viru Viru, en Santa Cruz, fue cancelado tras un problema con uno de los motores del avi\u00f3n. Los casi 140 pasajeros fueron evacuados mediante los toboganes de la aeronave.<br \/>\nFerreira cuestion\u00f3 las cuatro gestiones de Casso, que se dio en diferentes gestiones gubernamentales del MAS. Lament\u00f3 que tras ese trabajo la aerol\u00ednea atraviese problemas econ\u00f3micos.<br \/>\nEl Director de la DGAC inform\u00f3 ayer que esa instancia tiene 30 d\u00edas calendario para entregar un informe preliminar sobre el incidente del avi\u00f3n de BoA.<\/p>\n","protected":false},"excerpt":{"rendered":"<p>El pleno de la C\u00e1mara de Senadores aprob\u00f3 este mi\u00e9rcoles una minuta de comunicaci\u00f3n en la que pide la destituci\u00f3n del gerente de Boliviana de Aviaci\u00f3n (BoA), Ronald Casso, y del jefe de la Direcci\u00f3n General de Aeron\u00e1utica Civil (DGAC), Jos\u00e9 Garc\u00eda, tras el incidente de una aeronave de BoA el lunes en Cochabamba. La [&hellip;]<\/p>\n","protected":false},"author":1,"featured_media":200,"comment_status":"","ping_status":"open","sticky":false,"template":"","format":"standard","meta":{"pagelayer_contact_templates":[],"_pagelayer_content":"","footnotes":""},"categories":[21],"tags":[],"class_list":{"0":"post-199","1":"post","2":"type-post","3":"status-publish","4":"format-standard","5":"has-post-thumbnail","7":"category-actualidad"},"_links":{"self":[{"href":"https:\/\/jms.com.bo\/mediamonitorbo\/wp-json\/wp\/v2\/posts\/199","targetHints":{"allow":["GET"]}}],"collection":[{"href":"https:\/\/jms.com.bo\/mediamonitorbo\/wp-json\/wp\/v2\/posts"}],"about":[{"href":"https:\/\/jms.com.bo\/mediamonitorbo\/wp-json\/wp\/v2\/types\/post"}],"author":[{"embeddable":true,"href":"https:\/\/jms.com.bo\/mediamonitorbo\/wp-json\/wp\/v2\/users\/1"}],"replies":[{"embeddable":true,"href":"https:\/\/jms.com.bo\/mediamonitorbo\/wp-json\/wp\/v2\/comments?post=199"}],"version-history":[{"count":0,"href":"https:\/\/jms.com.bo\/mediamonitorbo\/wp-json\/wp\/v2\/posts\/199\/revisions"}],"wp:featuredmedia":[{"embeddable":true,"href":"https:\/\/jms.com.bo\/mediamonitorbo\/wp-json\/wp\/v2\/media\/200"}],"wp:attachment":[{"href":"https:\/\/jms.com.bo\/mediamonitorbo\/wp-json\/wp\/v2\/media?parent=199"}],"wp:term":[{"taxonomy":"category","embeddable":true,"href":"https:\/\/jms.com.bo\/mediamonitorbo\/wp-json\/wp\/v2\/categories?post=199"},{"taxonomy":"post_tag","embeddable":true,"href":"https:\/\/jms.com.bo\/mediamonitorbo\/wp-json\/wp\/v2\/tags?post=199"}],"curies":[{"name":"wp","href":"https:\/\/api.w.org\/{rel}","templated":true}]}}