{"id":1997,"date":"2025-03-26T07:09:00","date_gmt":"2025-03-26T11:09:00","guid":{"rendered":"https:\/\/jms.com.bo\/mediamonitorbo\/2025\/03\/26\/abren-registro-permanente-en-el-padron-electoral-hasta-el-domingo-13-de-abril\/"},"modified":"2025-03-26T07:09:00","modified_gmt":"2025-03-26T11:09:00","slug":"abren-registro-permanente-en-el-padron-electoral-hasta-el-domingo-13-de-abril","status":"publish","type":"post","link":"https:\/\/jms.com.bo\/mediamonitorbo\/2025\/03\/26\/abren-registro-permanente-en-el-padron-electoral-hasta-el-domingo-13-de-abril\/","title":{"rendered":"Abren registro permanente en el Padr\u00f3n Electoral hasta el domingo 13 de abril"},"content":{"rendered":"<p>Desde este martes 25 de marzo hasta el domingo 13 de abril se admitir\u00e1 la inscripci\u00f3n en el registro electoral biom\u00e9trico a quienes cumplan 18 a\u00f1os hasta el d\u00eda de las elecciones, as\u00ed como para las personas que hayan cambiado de domicilio y necesiten actualizar su registro en el Servicio de Registro C\u00edvico (Serec\u00ed), inform\u00f3 esta jornada el Tribunal Supremo Electoral (TSE).<br \/>\nLa atenci\u00f3n se brindar\u00e1, de manera permanente, de lunes a domingo, desde las 08.30 a 16.30 en todas las oficinas del (Serec\u00ed) en la perspectiva de las elecciones generales previstas para el 17 de agosto. En este enlace se encuentra la lista de oficinas del Serec\u00ed en Cochabamba, sus direcciones y n\u00fameros de m\u00f3vil: https:\/\/www.oep.org.bo\/wp-content\/uploads\/2023\/09\/Dir_Sereci-COCHABAMBA.pdf.<br \/>\nAsimismo, se contar\u00e1 con brigadas que visitar\u00e1n los diferentes centros militares, policiales y universidades, seg\u00fan corresponda, se\u00f1ala un bolet\u00edn de prensa del Tribunal Supremo Electoral (TSE).<br \/>\nEl \u00fanico requisito para registrarse es presentar la c\u00e9dula de identidad vigente en el momento de la inscripci\u00f3n y\/o modificaci\u00f3n de datos.<br \/>\n\u00bfC\u00f3mo se realiza el registro?<br \/>\nDurante el registro electoral biom\u00e9trico del ciudadano interesado se capturar\u00e1 sus 10 huellas dactilares y se le tomar\u00e1 una fotograf\u00eda facial con propiedades biom\u00e9tricas, adem\u00e1s se le solicitar\u00e1 su informaci\u00f3n biogr\u00e1fica y datos de su domicilio.<br \/>\nLa obtenci\u00f3n de estos datos garantiza que una persona tenga un solo registro en el Padr\u00f3n Electoral.<br \/>\n\u00abCon el prop\u00f3sito de fortalecer el ejercicio de los derechos pol\u00edticos de las ciudadanas y ciudadanos bolivianos, el Tribunal Supremo Electoral, a trav\u00e9s del Servicio de Registro C\u00edvico (Serec\u00ed), invita a la poblaci\u00f3n a realizar su inscripci\u00f3n en el padr\u00f3n electoral bajo la modalidad de empadronamiento permanente\u00bb, refiere un comunicado del TSE.<\/p>\n","protected":false},"excerpt":{"rendered":"<p>Desde este martes 25 de marzo hasta el domingo 13 de abril se admitir\u00e1 la inscripci\u00f3n en el registro electoral biom\u00e9trico a quienes cumplan 18 a\u00f1os hasta el d\u00eda de las elecciones, as\u00ed como para las personas que hayan cambiado de domicilio y necesiten actualizar su registro en el Servicio de Registro C\u00edvico (Serec\u00ed), inform\u00f3 [&hellip;]<\/p>\n","protected":false},"author":1,"featured_media":1998,"comment_status":"","ping_status":"open","sticky":false,"template":"","format":"standard","meta":{"pagelayer_contact_templates":[],"_pagelayer_content":"","footnotes":""},"categories":[20,24,30],"tags":[],"class_list":{"0":"post-1997","1":"post","2":"type-post","3":"status-publish","4":"format-standard","5":"has-post-thumbnail","7":"category-politica","8":"category-portada-general-sitio","9":"category-portada-politica"},"_links":{"self":[{"href":"https:\/\/jms.com.bo\/mediamonitorbo\/wp-json\/wp\/v2\/posts\/1997","targetHints":{"allow":["GET"]}}],"collection":[{"href":"https:\/\/jms.com.bo\/mediamonitorbo\/wp-json\/wp\/v2\/posts"}],"about":[{"href":"https:\/\/jms.com.bo\/mediamonitorbo\/wp-json\/wp\/v2\/types\/post"}],"author":[{"embeddable":true,"href":"https:\/\/jms.com.bo\/mediamonitorbo\/wp-json\/wp\/v2\/users\/1"}],"replies":[{"embeddable":true,"href":"https:\/\/jms.com.bo\/mediamonitorbo\/wp-json\/wp\/v2\/comments?post=1997"}],"version-history":[{"count":0,"href":"https:\/\/jms.com.bo\/mediamonitorbo\/wp-json\/wp\/v2\/posts\/1997\/revisions"}],"wp:featuredmedia":[{"embeddable":true,"href":"https:\/\/jms.com.bo\/mediamonitorbo\/wp-json\/wp\/v2\/media\/1998"}],"wp:attachment":[{"href":"https:\/\/jms.com.bo\/mediamonitorbo\/wp-json\/wp\/v2\/media?parent=1997"}],"wp:term":[{"taxonomy":"category","embeddable":true,"href":"https:\/\/jms.com.bo\/mediamonitorbo\/wp-json\/wp\/v2\/categories?post=1997"},{"taxonomy":"post_tag","embeddable":true,"href":"https:\/\/jms.com.bo\/mediamonitorbo\/wp-json\/wp\/v2\/tags?post=1997"}],"curies":[{"name":"wp","href":"https:\/\/api.w.org\/{rel}","templated":true}]}}