{"id":2009,"date":"2025-03-26T06:57:43","date_gmt":"2025-03-26T10:57:43","guid":{"rendered":"https:\/\/jms.com.bo\/mediamonitorbo\/2025\/03\/26\/trabajadores-en-salud-van-al-paro-de-24-horas-contra-la-ley-de-emergencia-financiera\/"},"modified":"2025-03-26T06:57:43","modified_gmt":"2025-03-26T10:57:43","slug":"trabajadores-en-salud-van-al-paro-de-24-horas-contra-la-ley-de-emergencia-financiera","status":"publish","type":"post","link":"https:\/\/jms.com.bo\/mediamonitorbo\/2025\/03\/26\/trabajadores-en-salud-van-al-paro-de-24-horas-contra-la-ley-de-emergencia-financiera\/","title":{"rendered":"Trabajadores en salud van al paro de 24 horas contra la ley de emergencia financiera"},"content":{"rendered":"<p>El ejecutivo de la Federaci\u00f3n Departamental de Trabajadores en Salud, Omar Vel\u00e1zquez, anunci\u00f3 un paro de 24 horas para este mi\u00e9rcoles 26 de marzo, en rechazo a la ley de emergencia financiera que la Gobernaci\u00f3n de Tarija present\u00f3 a la Asamblea Legislativa Departamental.<br \/>\nCabe recordar que este proyecto de ley plantea la migraci\u00f3n de los \u00edtems de salud, que paga la Gobernaci\u00f3n, a los gobiernos municipales. El gobernador, Oscar Montes, explic\u00f3 que es competencia de estas instancias y que tienen los recursos para asumir esa responsabilidad.<br \/>\nVel\u00e1zquez asegura que esta propuesta va en contra de la \u201cclase trabajadora\u201d. Ya que supuestamente desconoce el bono vacunaci\u00f3n y la institucionalidad del Servicio Departamental de Salud (Sedes).<br \/>\n\u201cNosotros hemos pedido al Gobernador que retire la ley y a la Asamblea que la rechace, porque atenta contra varios sectores\u201d, dijo el dirigente, a tiempo de admitir que es necesaria una ley de salvataje financiera para el departamento de Tarija, pero sin que se afecten los derechos de los trabajadores.<\/p>\n","protected":false},"excerpt":{"rendered":"<p>El ejecutivo de la Federaci\u00f3n Departamental de Trabajadores en Salud, Omar Vel\u00e1zquez, anunci\u00f3 un paro de 24 horas para este mi\u00e9rcoles 26 de marzo, en rechazo a la ley de emergencia financiera que la Gobernaci\u00f3n de Tarija present\u00f3 a la Asamblea Legislativa Departamental. Cabe recordar que este proyecto de ley plantea la migraci\u00f3n de los [&hellip;]<\/p>\n","protected":false},"author":1,"featured_media":2010,"comment_status":"","ping_status":"open","sticky":false,"template":"","format":"standard","meta":{"pagelayer_contact_templates":[],"_pagelayer_content":"","footnotes":""},"categories":[22],"tags":[],"class_list":{"0":"post-2009","1":"post","2":"type-post","3":"status-publish","4":"format-standard","5":"has-post-thumbnail","7":"category-social"},"_links":{"self":[{"href":"https:\/\/jms.com.bo\/mediamonitorbo\/wp-json\/wp\/v2\/posts\/2009","targetHints":{"allow":["GET"]}}],"collection":[{"href":"https:\/\/jms.com.bo\/mediamonitorbo\/wp-json\/wp\/v2\/posts"}],"about":[{"href":"https:\/\/jms.com.bo\/mediamonitorbo\/wp-json\/wp\/v2\/types\/post"}],"author":[{"embeddable":true,"href":"https:\/\/jms.com.bo\/mediamonitorbo\/wp-json\/wp\/v2\/users\/1"}],"replies":[{"embeddable":true,"href":"https:\/\/jms.com.bo\/mediamonitorbo\/wp-json\/wp\/v2\/comments?post=2009"}],"version-history":[{"count":0,"href":"https:\/\/jms.com.bo\/mediamonitorbo\/wp-json\/wp\/v2\/posts\/2009\/revisions"}],"wp:featuredmedia":[{"embeddable":true,"href":"https:\/\/jms.com.bo\/mediamonitorbo\/wp-json\/wp\/v2\/media\/2010"}],"wp:attachment":[{"href":"https:\/\/jms.com.bo\/mediamonitorbo\/wp-json\/wp\/v2\/media?parent=2009"}],"wp:term":[{"taxonomy":"category","embeddable":true,"href":"https:\/\/jms.com.bo\/mediamonitorbo\/wp-json\/wp\/v2\/categories?post=2009"},{"taxonomy":"post_tag","embeddable":true,"href":"https:\/\/jms.com.bo\/mediamonitorbo\/wp-json\/wp\/v2\/tags?post=2009"}],"curies":[{"name":"wp","href":"https:\/\/api.w.org\/{rel}","templated":true}]}}