{"id":2011,"date":"2025-03-26T06:55:43","date_gmt":"2025-03-26T10:55:43","guid":{"rendered":"https:\/\/jms.com.bo\/mediamonitorbo\/2025\/03\/26\/rector-de-la-uagrm-advierte-que-las-universidades-saldran-a-las-calles-por-presupuesto-extraordinario\/"},"modified":"2025-03-26T06:55:43","modified_gmt":"2025-03-26T10:55:43","slug":"rector-de-la-uagrm-advierte-que-las-universidades-saldran-a-las-calles-por-presupuesto-extraordinario","status":"publish","type":"post","link":"https:\/\/jms.com.bo\/mediamonitorbo\/2025\/03\/26\/rector-de-la-uagrm-advierte-que-las-universidades-saldran-a-las-calles-por-presupuesto-extraordinario\/","title":{"rendered":"Rector de la UAGRM advierte que las universidades saldr\u00e1n a las calles por presupuesto extraordinario"},"content":{"rendered":"<p>\u201cLa universidad p\u00fablica va a salir a las calles\u201d. As\u00ed el Rector de la Universidad Gabriel Ren\u00e9 Moreno (UAGRM), Vicente Cu\u00e9llar, anunci\u00f3 que se est\u00e1n perfilando movilizaciones a nivel nacional en demanda de presupuesto extraordinario para las casas de estudios superiores.<br \/>\nSe\u00f1al\u00f3 que las universidades se encuentran en un grave conflicto econ\u00f3mico, por la disminuci\u00f3n de recursos de coparticipaci\u00f3n y el Impuesto Directo a los Hidrocarburos (IDH), lo que incluso pone en riesgo la continuidad de sus actividades.<br \/>\nEn entrevista con ERBOL el lunes, Cu\u00e9llar explic\u00f3 que, en la anterior conferencia de universidades en El Alto, se determin\u00f3 marchar de manera simult\u00e1nea desde la pr\u00f3xima semana, \u201cexigiendo un soporte extraordinario para que las universidades no se cierren\u201d.<br \/>\nNo obstante, aclar\u00f3 que este jueves se realizar\u00e1 una nueva reuni\u00f3n en Sucre, donde se consolidar\u00e1n las demandas del sector universitario al Gobierno y que, de no solucionarse, saldr\u00e1n a las calles.<\/p>\n","protected":false},"excerpt":{"rendered":"<p>\u201cLa universidad p\u00fablica va a salir a las calles\u201d. As\u00ed el Rector de la Universidad Gabriel Ren\u00e9 Moreno (UAGRM), Vicente Cu\u00e9llar, anunci\u00f3 que se est\u00e1n perfilando movilizaciones a nivel nacional en demanda de presupuesto extraordinario para las casas de estudios superiores. Se\u00f1al\u00f3 que las universidades se encuentran en un grave conflicto econ\u00f3mico, por la disminuci\u00f3n [&hellip;]<\/p>\n","protected":false},"author":1,"featured_media":2012,"comment_status":"","ping_status":"open","sticky":false,"template":"","format":"standard","meta":{"pagelayer_contact_templates":[],"_pagelayer_content":"","footnotes":""},"categories":[22],"tags":[],"class_list":{"0":"post-2011","1":"post","2":"type-post","3":"status-publish","4":"format-standard","5":"has-post-thumbnail","7":"category-social"},"_links":{"self":[{"href":"https:\/\/jms.com.bo\/mediamonitorbo\/wp-json\/wp\/v2\/posts\/2011","targetHints":{"allow":["GET"]}}],"collection":[{"href":"https:\/\/jms.com.bo\/mediamonitorbo\/wp-json\/wp\/v2\/posts"}],"about":[{"href":"https:\/\/jms.com.bo\/mediamonitorbo\/wp-json\/wp\/v2\/types\/post"}],"author":[{"embeddable":true,"href":"https:\/\/jms.com.bo\/mediamonitorbo\/wp-json\/wp\/v2\/users\/1"}],"replies":[{"embeddable":true,"href":"https:\/\/jms.com.bo\/mediamonitorbo\/wp-json\/wp\/v2\/comments?post=2011"}],"version-history":[{"count":0,"href":"https:\/\/jms.com.bo\/mediamonitorbo\/wp-json\/wp\/v2\/posts\/2011\/revisions"}],"wp:featuredmedia":[{"embeddable":true,"href":"https:\/\/jms.com.bo\/mediamonitorbo\/wp-json\/wp\/v2\/media\/2012"}],"wp:attachment":[{"href":"https:\/\/jms.com.bo\/mediamonitorbo\/wp-json\/wp\/v2\/media?parent=2011"}],"wp:term":[{"taxonomy":"category","embeddable":true,"href":"https:\/\/jms.com.bo\/mediamonitorbo\/wp-json\/wp\/v2\/categories?post=2011"},{"taxonomy":"post_tag","embeddable":true,"href":"https:\/\/jms.com.bo\/mediamonitorbo\/wp-json\/wp\/v2\/tags?post=2011"}],"curies":[{"name":"wp","href":"https:\/\/api.w.org\/{rel}","templated":true}]}}