{"id":2013,"date":"2025-03-26T06:54:06","date_gmt":"2025-03-26T10:54:06","guid":{"rendered":"https:\/\/jms.com.bo\/mediamonitorbo\/2025\/03\/26\/productores-denuncian-la-muerte-de-4-toneladas-de-peces-por-falta-de-combustible\/"},"modified":"2025-03-26T06:54:06","modified_gmt":"2025-03-26T10:54:06","slug":"productores-denuncian-la-muerte-de-4-toneladas-de-peces-por-falta-de-combustible","status":"publish","type":"post","link":"https:\/\/jms.com.bo\/mediamonitorbo\/2025\/03\/26\/productores-denuncian-la-muerte-de-4-toneladas-de-peces-por-falta-de-combustible\/","title":{"rendered":"Productores denuncian la muerte de 4 toneladas de peces por falta de combustible"},"content":{"rendered":"<p>M\u00e1s de cuatro toneladas de peces murieron en los \u00faltimos d\u00edas por falta de combustible para la oxigenaci\u00f3n en las piscinas, denunci\u00f3 este martes Juvenal Torrico, secretario de Actas de la Asociaci\u00f3n de Productores Pisc\u00edcolas del Tr\u00f3pico de Cochabamba.<br \/>\n\u201cTodos los d\u00edas se est\u00e1n muriendo, el d\u00eda de ayer cuatro toneladas han sido desechadas. Son 4.000 kilos para el productor; es una p\u00e9rdida total. Se mueren en la piscina y ya no sirven, cavamos una fosa com\u00fan y los enterramos\u201d, dijo el dirigente en radio Fides.<br \/>\nExplic\u00f3 que diariamente deben bombear ox\u00edgeno para las piscinas donde crecen los peces y para ello requieren combustible, que en ya no reciben regularmente.<br \/>\nSe quej\u00f3, adem\u00e1s, del alza en los precios de los insumos, como el alimento balanceado para los peces, lo que ha provocado que al menos el 40% de los productores dejen de trabajar.<br \/>\n\u201cDe un tiempo a esta parte se ha duplicado el precio de los alimentos, de los insumos, se han triplicado muchas cosas y ya es insostenible para el productor. Desde el a\u00f1o pasado un 40% de los productores han dejado de trabajar, no se puede seguir as\u00ed\u201d.<br \/>\nEl dirigente dijo que el sector est\u00e1 en emergencia y piden al Gobierno que regularice el abastecimiento de combustible.<br \/>\nNo es el \u00fanico sector que protesta por el desabastecimiento de carburantes. En Santa Cruz, los productores alertaron que est\u00e1 en riesgo la cosecha y aunque el Gobierno garantiz\u00f3 que est\u00e1 normalizando la distribuci\u00f3n, el problema a\u00fan persiste.<\/p>\n","protected":false},"excerpt":{"rendered":"<p>M\u00e1s de cuatro toneladas de peces murieron en los \u00faltimos d\u00edas por falta de combustible para la oxigenaci\u00f3n en las piscinas, denunci\u00f3 este martes Juvenal Torrico, secretario de Actas de la Asociaci\u00f3n de Productores Pisc\u00edcolas del Tr\u00f3pico de Cochabamba. \u201cTodos los d\u00edas se est\u00e1n muriendo, el d\u00eda de ayer cuatro toneladas han sido desechadas. Son [&hellip;]<\/p>\n","protected":false},"author":1,"featured_media":2014,"comment_status":"","ping_status":"open","sticky":false,"template":"","format":"standard","meta":{"pagelayer_contact_templates":[],"_pagelayer_content":"","footnotes":""},"categories":[26],"tags":[],"class_list":{"0":"post-2013","1":"post","2":"type-post","3":"status-publish","4":"format-standard","5":"has-post-thumbnail","7":"category-alimentos-y-agroindustria"},"_links":{"self":[{"href":"https:\/\/jms.com.bo\/mediamonitorbo\/wp-json\/wp\/v2\/posts\/2013","targetHints":{"allow":["GET"]}}],"collection":[{"href":"https:\/\/jms.com.bo\/mediamonitorbo\/wp-json\/wp\/v2\/posts"}],"about":[{"href":"https:\/\/jms.com.bo\/mediamonitorbo\/wp-json\/wp\/v2\/types\/post"}],"author":[{"embeddable":true,"href":"https:\/\/jms.com.bo\/mediamonitorbo\/wp-json\/wp\/v2\/users\/1"}],"replies":[{"embeddable":true,"href":"https:\/\/jms.com.bo\/mediamonitorbo\/wp-json\/wp\/v2\/comments?post=2013"}],"version-history":[{"count":0,"href":"https:\/\/jms.com.bo\/mediamonitorbo\/wp-json\/wp\/v2\/posts\/2013\/revisions"}],"wp:featuredmedia":[{"embeddable":true,"href":"https:\/\/jms.com.bo\/mediamonitorbo\/wp-json\/wp\/v2\/media\/2014"}],"wp:attachment":[{"href":"https:\/\/jms.com.bo\/mediamonitorbo\/wp-json\/wp\/v2\/media?parent=2013"}],"wp:term":[{"taxonomy":"category","embeddable":true,"href":"https:\/\/jms.com.bo\/mediamonitorbo\/wp-json\/wp\/v2\/categories?post=2013"},{"taxonomy":"post_tag","embeddable":true,"href":"https:\/\/jms.com.bo\/mediamonitorbo\/wp-json\/wp\/v2\/tags?post=2013"}],"curies":[{"name":"wp","href":"https:\/\/api.w.org\/{rel}","templated":true}]}}