{"id":204,"date":"2025-01-30T06:40:50","date_gmt":"2025-01-30T10:40:50","guid":{"rendered":"https:\/\/jms.com.bo\/mediamonitorbo\/2025\/01\/30\/magisterio-urbano-demanda-items-y-reposicion-de-horas\/"},"modified":"2025-01-30T06:40:50","modified_gmt":"2025-01-30T10:40:50","slug":"magisterio-urbano-demanda-items-y-reposicion-de-horas","status":"publish","type":"post","link":"https:\/\/jms.com.bo\/mediamonitorbo\/2025\/01\/30\/magisterio-urbano-demanda-items-y-reposicion-de-horas\/","title":{"rendered":"Magisterio Urbano demanda \u00edtems y reposici\u00f3n de horas"},"content":{"rendered":"<p>La dirigencia del Magisterio Urbano en Tarija garantiz\u00f3 el inicio de clases para el lunes 3 de febrero, pero llama a las autoridades del Ministerio de Educaci\u00f3n a cumplir con su pliego petitorio, enfocado especialmente en la asignaci\u00f3n de \u00edtems y el pago de la deuda de horas hist\u00f3ricas. Caso contrario, no descarta asumir medidas de presi\u00f3n.<br \/>\n\u201cComo Magisterio, vamos a cumplir con nuestra vocaci\u00f3n de servicio y vamos a comenzar las clases con responsabilidad. Pero m\u00e1s adelante no descartamos movilizaciones (\u2026) Tenemos un pliego petitorio con nuestras demandas y si no atienden, sabemos que no hay otra forma si no es con protesta\u201d, dijo la ejecutiva de este sector, Irma R\u00edos.<br \/>\nEsas demandas consisten en la entrega de unos 1.500 \u00edtems faltantes a las unidades educativas y solucionar el d\u00e9ficit de horas hist\u00f3ricas, ya que son los padres y madres de familia quienes terminan asumiendo el pago a los educadores.<br \/>\nR\u00edos dijo que ya existe un arreglo sobre esos temas con el Ministerio, pero exhort\u00f3 a su pronto cumplimiento.<br \/>\n\u201cEsperamos que los acuerdos que se han hecho se puedan cumplir, que el Ministerio ponga la voluntad y cumpla las obligaciones que tiene para comenzar el a\u00f1o con el pie derecho\u201d, agreg\u00f3.<br \/>\nLa declaraci\u00f3n la hizo en el marco del acto de entrega de una infraestructura para la Unidad Educativa \u201cLidia Reynoso de Campos\u201d, oportunidad que aprovech\u00f3 para pedir el equipamiento respectivo.<br \/>\nOtro tema que est\u00e1 pendiente es la revisi\u00f3n de los resultados del Congreso Plurinacional de la Educaci\u00f3n, que se realiz\u00f3 del 25 al 29 de noviembre en Tarija, ya que no est\u00e1n conformes porque no responde a la realidad del sistema educativo en Bolivia.<br \/>\nEsperan que esta gesti\u00f3n se haga una auditor\u00eda a la Ley 070 \u201cAvelino Si\u00f1ani &#8211; Elizardo P\u00e9rez\u201d.<\/p>\n","protected":false},"excerpt":{"rendered":"<p>La dirigencia del Magisterio Urbano en Tarija garantiz\u00f3 el inicio de clases para el lunes 3 de febrero, pero llama a las autoridades del Ministerio de Educaci\u00f3n a cumplir con su pliego petitorio, enfocado especialmente en la asignaci\u00f3n de \u00edtems y el pago de la deuda de horas hist\u00f3ricas. Caso contrario, no descarta asumir medidas [&hellip;]<\/p>\n","protected":false},"author":1,"featured_media":205,"comment_status":"","ping_status":"open","sticky":false,"template":"","format":"standard","meta":{"pagelayer_contact_templates":[],"_pagelayer_content":"","footnotes":""},"categories":[22],"tags":[],"class_list":{"0":"post-204","1":"post","2":"type-post","3":"status-publish","4":"format-standard","5":"has-post-thumbnail","7":"category-social"},"_links":{"self":[{"href":"https:\/\/jms.com.bo\/mediamonitorbo\/wp-json\/wp\/v2\/posts\/204","targetHints":{"allow":["GET"]}}],"collection":[{"href":"https:\/\/jms.com.bo\/mediamonitorbo\/wp-json\/wp\/v2\/posts"}],"about":[{"href":"https:\/\/jms.com.bo\/mediamonitorbo\/wp-json\/wp\/v2\/types\/post"}],"author":[{"embeddable":true,"href":"https:\/\/jms.com.bo\/mediamonitorbo\/wp-json\/wp\/v2\/users\/1"}],"replies":[{"embeddable":true,"href":"https:\/\/jms.com.bo\/mediamonitorbo\/wp-json\/wp\/v2\/comments?post=204"}],"version-history":[{"count":0,"href":"https:\/\/jms.com.bo\/mediamonitorbo\/wp-json\/wp\/v2\/posts\/204\/revisions"}],"wp:featuredmedia":[{"embeddable":true,"href":"https:\/\/jms.com.bo\/mediamonitorbo\/wp-json\/wp\/v2\/media\/205"}],"wp:attachment":[{"href":"https:\/\/jms.com.bo\/mediamonitorbo\/wp-json\/wp\/v2\/media?parent=204"}],"wp:term":[{"taxonomy":"category","embeddable":true,"href":"https:\/\/jms.com.bo\/mediamonitorbo\/wp-json\/wp\/v2\/categories?post=204"},{"taxonomy":"post_tag","embeddable":true,"href":"https:\/\/jms.com.bo\/mediamonitorbo\/wp-json\/wp\/v2\/tags?post=204"}],"curies":[{"name":"wp","href":"https:\/\/api.w.org\/{rel}","templated":true}]}}