{"id":2045,"date":"2025-03-25T07:11:52","date_gmt":"2025-03-25T11:11:52","guid":{"rendered":"https:\/\/jms.com.bo\/mediamonitorbo\/2025\/03\/25\/gremialistas-no-hay-ningun-acuerdo-lo-que-hay-es-un-acta-que-menciona-algunos-puntos\/"},"modified":"2025-03-25T07:11:52","modified_gmt":"2025-03-25T11:11:52","slug":"gremialistas-no-hay-ningun-acuerdo-lo-que-hay-es-un-acta-que-menciona-algunos-puntos","status":"publish","type":"post","link":"https:\/\/jms.com.bo\/mediamonitorbo\/2025\/03\/25\/gremialistas-no-hay-ningun-acuerdo-lo-que-hay-es-un-acta-que-menciona-algunos-puntos\/","title":{"rendered":"Gremialistas: \u201cNo hay ning\u00fan acuerdo. Lo que hay es un acta que menciona algunos puntos\u201d"},"content":{"rendered":"<p>En una jornada clave para el Comit\u00e9 Multisectorial, C\u00e9sar Gonzales, dirigente gremialista que forma parte de esta organizaci\u00f3n, aclar\u00f3 que no se ha llegado a ning\u00fan acuerdo concreto con el Gobierno despu\u00e9s de un encuentro con ministros del Estado. Adem\u00e1s, asegur\u00f3 que la lucha por soluciones estructurales continuar\u00e1 en las pr\u00f3ximas semanas.<br \/>\n\u00abNo hay ning\u00fan acuerdo. Lo que hay es un acta que menciona algunos puntos, pero no toca el fondo del problema\u00bb, se\u00f1al\u00f3 Gonzales en una entrevista con el programa Dinero 360, que se emite por EL DEBER Radio.<br \/>\nEste lunes, dirigentes del Comit\u00e9 Multisectorial se reunieron con autoridades de Gobierno y establecieron trabajar bajo siete puntos, que incluyen la agilizaci\u00f3n de los procedimientos administrativos para la importaci\u00f3n de combustibles.<\/p>\n<p>En este sentido, explic\u00f3 que el comit\u00e9 continuar\u00e1 con reuniones en diferentes departamentos para unificar criterios y definir acciones en el Noveno Encuentro Multisectorial de la Cadena Productiva, programado para el 2 de abril en la ciudad de El Alto.<br \/>\nEl dirigente destac\u00f3 la urgencia de solucionar la crisis del abastecimiento de di\u00e9sel y gasolina, que afecta gravemente a sectores productivos y transportistas.<br \/>\n\u00abEn muchas provincias, el litro de combustible se consigue a precios exorbitantes, entre 18 y 25 bolivianos, y la poblaci\u00f3n enfrenta largas filas de hasta 18 horas para obtenerlo\u00bb, denunci\u00f3.<br \/>\nEn cuanto a la disposici\u00f3n s\u00e9ptima, que establece la posibilidad de confiscaci\u00f3n de productos en el comercio, Gonzales mencion\u00f3 que, si bien actualmente existe una medida precautoria que impide su aplicaci\u00f3n, este es un tema que sigue en la agenda del comit\u00e9.<br \/>\n\u00abEs una salvedad temporal, pero estamos atentos al fallo final. No permitiremos que se atente contra quienes producimos y generamos movimiento econ\u00f3mico en el pa\u00eds\u00bb, afirm\u00f3.<br \/>\nEl encuentro con el Gobierno tuvo como principal objetivo discutir la viabilidad del proyecto de Decreto Supremo presentado por el Comit\u00e9 Multisectorial. Dicho proyecto propone la libre importaci\u00f3n de combustibles sin IVA ni aranceles, as\u00ed como la eliminaci\u00f3n del control estatal sobre estos productos.<br \/>\nNo obstante, Gonzales critic\u00f3 la postura gubernamental, se\u00f1alando que \u00abno se ha planteado ninguna soluci\u00f3n concreta\u00bb y que la administraci\u00f3n de hidrocarburos no tiene la capacidad de garantizar el abastecimiento adecuado.<br \/>\nAnte la falta de respuestas claras, el sector eval\u00faa nuevas medidas de presi\u00f3n. La movilizaci\u00f3n programada para La Paz fue suspendida debido a la falta de coordinaci\u00f3n con el transporte nacional, pero la posibilidad de nuevas protestas sigue en pie.<br \/>\n\u00abEl Gobierno tiene la palabra. Si no act\u00faa, \u00e9l mismo ser\u00e1 el que convoque a una marcha con su inacci\u00f3n\u00bb, advirti\u00f3 Gonzales.<br \/>\nEl pr\u00f3ximo 2 de abril, en El Alto, se definir\u00e1 el rumbo de esta lucha multisectorial que involucra a m\u00e1s de 50 organizaciones productivas en todo el pa\u00eds.<\/p>\n","protected":false},"excerpt":{"rendered":"<p>En una jornada clave para el Comit\u00e9 Multisectorial, C\u00e9sar Gonzales, dirigente gremialista que forma parte de esta organizaci\u00f3n, aclar\u00f3 que no se ha llegado a ning\u00fan acuerdo concreto con el Gobierno despu\u00e9s de un encuentro con ministros del Estado. Adem\u00e1s, asegur\u00f3 que la lucha por soluciones estructurales continuar\u00e1 en las pr\u00f3ximas semanas. \u00abNo hay ning\u00fan [&hellip;]<\/p>\n","protected":false},"author":1,"featured_media":2046,"comment_status":"","ping_status":"open","sticky":false,"template":"","format":"standard","meta":{"pagelayer_contact_templates":[],"_pagelayer_content":"","footnotes":""},"categories":[22],"tags":[],"class_list":{"0":"post-2045","1":"post","2":"type-post","3":"status-publish","4":"format-standard","5":"has-post-thumbnail","7":"category-social"},"_links":{"self":[{"href":"https:\/\/jms.com.bo\/mediamonitorbo\/wp-json\/wp\/v2\/posts\/2045","targetHints":{"allow":["GET"]}}],"collection":[{"href":"https:\/\/jms.com.bo\/mediamonitorbo\/wp-json\/wp\/v2\/posts"}],"about":[{"href":"https:\/\/jms.com.bo\/mediamonitorbo\/wp-json\/wp\/v2\/types\/post"}],"author":[{"embeddable":true,"href":"https:\/\/jms.com.bo\/mediamonitorbo\/wp-json\/wp\/v2\/users\/1"}],"replies":[{"embeddable":true,"href":"https:\/\/jms.com.bo\/mediamonitorbo\/wp-json\/wp\/v2\/comments?post=2045"}],"version-history":[{"count":0,"href":"https:\/\/jms.com.bo\/mediamonitorbo\/wp-json\/wp\/v2\/posts\/2045\/revisions"}],"wp:featuredmedia":[{"embeddable":true,"href":"https:\/\/jms.com.bo\/mediamonitorbo\/wp-json\/wp\/v2\/media\/2046"}],"wp:attachment":[{"href":"https:\/\/jms.com.bo\/mediamonitorbo\/wp-json\/wp\/v2\/media?parent=2045"}],"wp:term":[{"taxonomy":"category","embeddable":true,"href":"https:\/\/jms.com.bo\/mediamonitorbo\/wp-json\/wp\/v2\/categories?post=2045"},{"taxonomy":"post_tag","embeddable":true,"href":"https:\/\/jms.com.bo\/mediamonitorbo\/wp-json\/wp\/v2\/tags?post=2045"}],"curies":[{"name":"wp","href":"https:\/\/api.w.org\/{rel}","templated":true}]}}