{"id":2075,"date":"2025-03-24T07:29:37","date_gmt":"2025-03-24T11:29:37","guid":{"rendered":"https:\/\/jms.com.bo\/mediamonitorbo\/2025\/03\/24\/la-escasez-de-pollitos-bebes-encarecera-la-carne-de-pollo\/"},"modified":"2025-03-24T07:29:37","modified_gmt":"2025-03-24T11:29:37","slug":"la-escasez-de-pollitos-bebes-encarecera-la-carne-de-pollo","status":"publish","type":"post","link":"https:\/\/jms.com.bo\/mediamonitorbo\/2025\/03\/24\/la-escasez-de-pollitos-bebes-encarecera-la-carne-de-pollo\/","title":{"rendered":"La escasez de pollitos beb\u00e9s encarecer\u00e1 la carne de pollo"},"content":{"rendered":"<p>El riesgo de que la carne de pollo siga en ascenso a\u00fan es latente. Desde la Asociaci\u00f3n Departamental de Avicultores de Tarija (ADAT) se\u00f1alan que existe un recorte del 30% en el aprovisionamiento de pollitos beb\u00e9s, lo que repercute en el normal abastecimiento en los mercados locales y en consecuencia genera un encarecimiento. Las granjas av\u00edcolas entregan el kilo de carne a 22 bolivianos a los mayoristas y estos lo venden a 24 bolivianos.<br \/>\nLa gerente de ADAT, Karina Cachambi, mencion\u00f3 que por dos semanas consecutivas el precio de la carne de pollo se ha establecido en 22 bolivianos el kilo para los mayoristas, mientras que los maples de huevo van desde los 21 a 26 bolivianos dependiendo del tama\u00f1o, que al consumidor final son entregados entre los 24 a 30 bolivianos.<br \/>\n\u201cRespecto al tema del abastecimiento, venimos desde el mes de enero con recortes, se contin\u00faa con recortes a la fecha, a nivel departamental es del 25 al 30%, lo cual no es de la misma magnitud en las av\u00edcolas que de semana a semana o de quincena a quincena pueden tener recorte de 40%, 50% hasta 100%, pero el promedio es del 25% semanal\u201d, afirm\u00f3.<br \/>\nCachambi mencion\u00f3 que si bien no existe desabastecimiento, pero se ha visto disminuida la cantidad de pollo que se entrega en los mercados.<br \/>\nSin embargo, expres\u00f3 su preocupaci\u00f3n por el reporte elevado por las incubadoras, es que a partir del mes de septiembre reci\u00e9n se dar\u00e1 un abastecimiento normal en el despacho de pollitos beb\u00e9s a las granjas av\u00edcolas.<br \/>\nCabe mencionar que desde el \u00faltimo trimestre de la gesti\u00f3n 2024 se ha registrado un repunte del precio de la carne de pollo y no ha vuelto a bajar. De costar 12 bolivianos, ahora se ha duplicado, llegando a 24.<\/p>\n","protected":false},"excerpt":{"rendered":"<p>El riesgo de que la carne de pollo siga en ascenso a\u00fan es latente. Desde la Asociaci\u00f3n Departamental de Avicultores de Tarija (ADAT) se\u00f1alan que existe un recorte del 30% en el aprovisionamiento de pollitos beb\u00e9s, lo que repercute en el normal abastecimiento en los mercados locales y en consecuencia genera un encarecimiento. Las granjas [&hellip;]<\/p>\n","protected":false},"author":1,"featured_media":2076,"comment_status":"","ping_status":"open","sticky":false,"template":"","format":"standard","meta":{"pagelayer_contact_templates":[],"_pagelayer_content":"","footnotes":""},"categories":[19],"tags":[],"class_list":{"0":"post-2075","1":"post","2":"type-post","3":"status-publish","4":"format-standard","5":"has-post-thumbnail","7":"category-economia"},"_links":{"self":[{"href":"https:\/\/jms.com.bo\/mediamonitorbo\/wp-json\/wp\/v2\/posts\/2075","targetHints":{"allow":["GET"]}}],"collection":[{"href":"https:\/\/jms.com.bo\/mediamonitorbo\/wp-json\/wp\/v2\/posts"}],"about":[{"href":"https:\/\/jms.com.bo\/mediamonitorbo\/wp-json\/wp\/v2\/types\/post"}],"author":[{"embeddable":true,"href":"https:\/\/jms.com.bo\/mediamonitorbo\/wp-json\/wp\/v2\/users\/1"}],"replies":[{"embeddable":true,"href":"https:\/\/jms.com.bo\/mediamonitorbo\/wp-json\/wp\/v2\/comments?post=2075"}],"version-history":[{"count":0,"href":"https:\/\/jms.com.bo\/mediamonitorbo\/wp-json\/wp\/v2\/posts\/2075\/revisions"}],"wp:featuredmedia":[{"embeddable":true,"href":"https:\/\/jms.com.bo\/mediamonitorbo\/wp-json\/wp\/v2\/media\/2076"}],"wp:attachment":[{"href":"https:\/\/jms.com.bo\/mediamonitorbo\/wp-json\/wp\/v2\/media?parent=2075"}],"wp:term":[{"taxonomy":"category","embeddable":true,"href":"https:\/\/jms.com.bo\/mediamonitorbo\/wp-json\/wp\/v2\/categories?post=2075"},{"taxonomy":"post_tag","embeddable":true,"href":"https:\/\/jms.com.bo\/mediamonitorbo\/wp-json\/wp\/v2\/tags?post=2075"}],"curies":[{"name":"wp","href":"https:\/\/api.w.org\/{rel}","templated":true}]}}