{"id":2077,"date":"2025-03-24T07:27:19","date_gmt":"2025-03-24T11:27:19","guid":{"rendered":"https:\/\/jms.com.bo\/mediamonitorbo\/2025\/03\/24\/arce-anuncia-disolucion-de-diremar-y-la-evaluacion-de-juicios-en-la-corte-de-la-haya\/"},"modified":"2025-03-24T07:27:19","modified_gmt":"2025-03-24T11:27:19","slug":"arce-anuncia-disolucion-de-diremar-y-la-evaluacion-de-juicios-en-la-corte-de-la-haya","status":"publish","type":"post","link":"https:\/\/jms.com.bo\/mediamonitorbo\/2025\/03\/24\/arce-anuncia-disolucion-de-diremar-y-la-evaluacion-de-juicios-en-la-corte-de-la-haya\/","title":{"rendered":"Arce anuncia disoluci\u00f3n de DIREMAR y la evaluaci\u00f3n de juicios en la Corte de La Haya"},"content":{"rendered":"<p>El presidente Luis Arce Catacora anunci\u00f3 este domingo la disoluci\u00f3n de la Direcci\u00f3n Estrat\u00e9gica de Reivindicaci\u00f3n Mar\u00edtima (DIREMAR) y la evaluaci\u00f3n de todos los procesos iniciados en la Corte Internacional de Justicia (CIJ) de La Haya, con el objetivo de que Bolivia conozca los detalles m\u00e1s relevantes de esos litigios, en los que perdi\u00f3 su derecho a reclamar acceso soberano al oc\u00e9ano Pac\u00edfico durante el gobierno de Evo Morales.<br \/>\nEl mandatario hizo estos anuncios durante su discurso protocolar por el 146\u00b0 aniversario de la Defensa de Calama, realizado en la plaza Eduardo Abaroa de la ciudad de La Paz, en presencia de su gabinete en pleno e invitados especiales.<br \/>\nArce se\u00f1al\u00f3 que Bolivia debe analizar los resultados obtenidos por DIREMAR, entidad encargada de la contrataci\u00f3n de abogados internacionales y de la conducci\u00f3n del proceso que culmin\u00f3 el 2 de octubre de 2018, cuando la CIJ determin\u00f3 que Chile no tiene la obligaci\u00f3n de negociar un acceso soberano al mar, como demand\u00f3 Bolivia.<br \/>\nJustific\u00f3 la disoluci\u00f3n de DIREMAR al considerar que los objetivos para los que fue creada ya fueron cumplidos. \u201cIngresaremos a una nueva etapa en la relaci\u00f3n con Chile, en la que, con el riesgo de ser reiterativo, nuestro derecho de obtener una salida soberana al mar seguir\u00e1 siendo el tema m\u00e1s importante\u201d, afirm\u00f3.<br \/>\nEl presidente tambi\u00e9n resalt\u00f3 la importancia de la unidad en el marco del Bicentenario. \u201cLos bolivianos debemos estar unidos en nuestra diversidad y en el franco homenaje a nuestros h\u00e9roes y m\u00e1rtires. Continuaremos no s\u00f3lo reclamando nuestro leg\u00edtimo derecho a una salida soberana al mar, sino tambi\u00e9n desplegando acciones en el marco del di\u00e1logo y el respeto a las normas del derecho internacional y la diplomacia de los pueblos\u201d, sostuvo.<br \/>\nDesde el inicio del juicio hasta su conclusi\u00f3n, el gobierno mantuvo bajo reserva los gastos realizados en la contrataci\u00f3n de abogados y en los viajes de amplias delegaciones a La Haya, Holanda, que daban seguimiento al proceso y promov\u00edan su difusi\u00f3n medi\u00e1tica con la expectativa de un fallo favorable.<br \/>\nFinalmente, Arce manifest\u00f3 que, seg\u00fan la Constituci\u00f3n Pol\u00edtica del Estado, la reivindicaci\u00f3n mar\u00edtima sigue siendo una causa pendiente en Am\u00e9rica Latina. En ese sentido, record\u00f3 que la Comunidad de Estados Latinoamericanos y Caribe\u00f1os (CELAC) declar\u00f3 a la regi\u00f3n como una zona de paz en 2014.<\/p>\n","protected":false},"excerpt":{"rendered":"<p>El presidente Luis Arce Catacora anunci\u00f3 este domingo la disoluci\u00f3n de la Direcci\u00f3n Estrat\u00e9gica de Reivindicaci\u00f3n Mar\u00edtima (DIREMAR) y la evaluaci\u00f3n de todos los procesos iniciados en la Corte Internacional de Justicia (CIJ) de La Haya, con el objetivo de que Bolivia conozca los detalles m\u00e1s relevantes de esos litigios, en los que perdi\u00f3 su [&hellip;]<\/p>\n","protected":false},"author":1,"featured_media":2078,"comment_status":"","ping_status":"open","sticky":false,"template":"","format":"standard","meta":{"pagelayer_contact_templates":[],"_pagelayer_content":"","footnotes":""},"categories":[20,24,30],"tags":[],"class_list":{"0":"post-2077","1":"post","2":"type-post","3":"status-publish","4":"format-standard","5":"has-post-thumbnail","7":"category-politica","8":"category-portada-general-sitio","9":"category-portada-politica"},"_links":{"self":[{"href":"https:\/\/jms.com.bo\/mediamonitorbo\/wp-json\/wp\/v2\/posts\/2077","targetHints":{"allow":["GET"]}}],"collection":[{"href":"https:\/\/jms.com.bo\/mediamonitorbo\/wp-json\/wp\/v2\/posts"}],"about":[{"href":"https:\/\/jms.com.bo\/mediamonitorbo\/wp-json\/wp\/v2\/types\/post"}],"author":[{"embeddable":true,"href":"https:\/\/jms.com.bo\/mediamonitorbo\/wp-json\/wp\/v2\/users\/1"}],"replies":[{"embeddable":true,"href":"https:\/\/jms.com.bo\/mediamonitorbo\/wp-json\/wp\/v2\/comments?post=2077"}],"version-history":[{"count":0,"href":"https:\/\/jms.com.bo\/mediamonitorbo\/wp-json\/wp\/v2\/posts\/2077\/revisions"}],"wp:featuredmedia":[{"embeddable":true,"href":"https:\/\/jms.com.bo\/mediamonitorbo\/wp-json\/wp\/v2\/media\/2078"}],"wp:attachment":[{"href":"https:\/\/jms.com.bo\/mediamonitorbo\/wp-json\/wp\/v2\/media?parent=2077"}],"wp:term":[{"taxonomy":"category","embeddable":true,"href":"https:\/\/jms.com.bo\/mediamonitorbo\/wp-json\/wp\/v2\/categories?post=2077"},{"taxonomy":"post_tag","embeddable":true,"href":"https:\/\/jms.com.bo\/mediamonitorbo\/wp-json\/wp\/v2\/tags?post=2077"}],"curies":[{"name":"wp","href":"https:\/\/api.w.org\/{rel}","templated":true}]}}