{"id":2081,"date":"2025-03-24T07:23:44","date_gmt":"2025-03-24T11:23:44","guid":{"rendered":"https:\/\/jms.com.bo\/mediamonitorbo\/2025\/03\/24\/tcp-anulo-sesion-convocada-por-andronico-pero-dio-por-valido-un-credito-aprobado-en-la-misma\/"},"modified":"2025-03-24T07:23:44","modified_gmt":"2025-03-24T11:23:44","slug":"tcp-anulo-sesion-convocada-por-andronico-pero-dio-por-valido-un-credito-aprobado-en-la-misma","status":"publish","type":"post","link":"https:\/\/jms.com.bo\/mediamonitorbo\/2025\/03\/24\/tcp-anulo-sesion-convocada-por-andronico-pero-dio-por-valido-un-credito-aprobado-en-la-misma\/","title":{"rendered":"TCP anul\u00f3 sesi\u00f3n convocada por Andr\u00f3nico, pero dio por v\u00e1lido un cr\u00e9dito aprobado en la misma"},"content":{"rendered":"<p>El Tribunal Constitucional (TCP) emiti\u00f3 un fallo que anula una sesi\u00f3n convocada por Andr\u00f3nico Rodr\u00edguez, pero dio por v\u00e1lidos un decreto de amnist\u00eda carcelaria y un contrato de pr\u00e9stamo de $us 176 millones.<br \/>\nEl diputado arcista Juan Jos\u00e9 J\u00e1uregui present\u00f3 un recurso de nulidad ante el TCP, instancia que consider\u00f3 que Andr\u00f3nico Rodr\u00edguez usurp\u00f3 funciones del presidente nato de la Asamblea Legislativa Plurinacional, en la sesi\u00f3n realizada el 6 de junio de 2024. Rodr\u00edguez arguy\u00f3 que al estar Luis Arce, asumi\u00f3 la presidencia del pa\u00eds, David Choquehuanca y a \u00e9l le correspond\u00eda el mando en el legislativo nacional.<br \/>\nLa Sala Plena del TCP emiti\u00f3 la sentencia 0113\/2024 el 27 de diciembre de 2024, pero su alcance y contenido se conoci\u00f3 este jueves al ser notificadas las partes.<br \/>\nEn la S\u00e9ptima Sesi\u00f3n Ordinaria tambi\u00e9n se aprob\u00f3 el cese de los magistrados autoprorrogados. Adem\u00e1s se dio luz verde a un cr\u00e9dito del Banco de Desarrollo CAF, por $us 176 millones, para la construcci\u00f3n del tramo Confital &#8211; Bombeo. En su momento Andr\u00f3nico cuestion\u00f3 que los propios prorrogados ejercieran de juez y parte al anular la sesi\u00f3n que \u00e9l convoc\u00f3.<br \/>\nEl TCP tambi\u00e9n ratific\u00f3 la vigencia del Decreto Presidencial 5137 de concesi\u00f3n de amnist\u00eda e indulto por razones humanitarias, emitido el 26 de marzo del 2024 y refrendado por la ALP en la sesi\u00f3n a cargo de Andr\u00f3nico.<\/p>\n","protected":false},"excerpt":{"rendered":"<p>El Tribunal Constitucional (TCP) emiti\u00f3 un fallo que anula una sesi\u00f3n convocada por Andr\u00f3nico Rodr\u00edguez, pero dio por v\u00e1lidos un decreto de amnist\u00eda carcelaria y un contrato de pr\u00e9stamo de $us 176 millones. El diputado arcista Juan Jos\u00e9 J\u00e1uregui present\u00f3 un recurso de nulidad ante el TCP, instancia que consider\u00f3 que Andr\u00f3nico Rodr\u00edguez usurp\u00f3 funciones [&hellip;]<\/p>\n","protected":false},"author":1,"featured_media":2082,"comment_status":"","ping_status":"open","sticky":false,"template":"","format":"standard","meta":{"pagelayer_contact_templates":[],"_pagelayer_content":"","footnotes":""},"categories":[20],"tags":[],"class_list":{"0":"post-2081","1":"post","2":"type-post","3":"status-publish","4":"format-standard","5":"has-post-thumbnail","7":"category-politica"},"_links":{"self":[{"href":"https:\/\/jms.com.bo\/mediamonitorbo\/wp-json\/wp\/v2\/posts\/2081","targetHints":{"allow":["GET"]}}],"collection":[{"href":"https:\/\/jms.com.bo\/mediamonitorbo\/wp-json\/wp\/v2\/posts"}],"about":[{"href":"https:\/\/jms.com.bo\/mediamonitorbo\/wp-json\/wp\/v2\/types\/post"}],"author":[{"embeddable":true,"href":"https:\/\/jms.com.bo\/mediamonitorbo\/wp-json\/wp\/v2\/users\/1"}],"replies":[{"embeddable":true,"href":"https:\/\/jms.com.bo\/mediamonitorbo\/wp-json\/wp\/v2\/comments?post=2081"}],"version-history":[{"count":0,"href":"https:\/\/jms.com.bo\/mediamonitorbo\/wp-json\/wp\/v2\/posts\/2081\/revisions"}],"wp:featuredmedia":[{"embeddable":true,"href":"https:\/\/jms.com.bo\/mediamonitorbo\/wp-json\/wp\/v2\/media\/2082"}],"wp:attachment":[{"href":"https:\/\/jms.com.bo\/mediamonitorbo\/wp-json\/wp\/v2\/media?parent=2081"}],"wp:term":[{"taxonomy":"category","embeddable":true,"href":"https:\/\/jms.com.bo\/mediamonitorbo\/wp-json\/wp\/v2\/categories?post=2081"},{"taxonomy":"post_tag","embeddable":true,"href":"https:\/\/jms.com.bo\/mediamonitorbo\/wp-json\/wp\/v2\/tags?post=2081"}],"curies":[{"name":"wp","href":"https:\/\/api.w.org\/{rel}","templated":true}]}}