{"id":2089,"date":"2025-03-24T07:16:22","date_gmt":"2025-03-24T11:16:22","guid":{"rendered":"https:\/\/jms.com.bo\/mediamonitorbo\/2025\/03\/24\/comite-civico-cruceno-insta-a-la-alcaldia-a-declararse-en-emergencia-por-falta-de-combustible\/"},"modified":"2025-03-24T07:16:22","modified_gmt":"2025-03-24T11:16:22","slug":"comite-civico-cruceno-insta-a-la-alcaldia-a-declararse-en-emergencia-por-falta-de-combustible","status":"publish","type":"post","link":"https:\/\/jms.com.bo\/mediamonitorbo\/2025\/03\/24\/comite-civico-cruceno-insta-a-la-alcaldia-a-declararse-en-emergencia-por-falta-de-combustible\/","title":{"rendered":"Comit\u00e9 c\u00edvico cruce\u00f1o insta a la Alcald\u00eda a declararse en emergencia por falta de combustible"},"content":{"rendered":"<p>El presidente del Comit\u00e9 pro Santa Cruz, Stello Cochamanidis, se reuni\u00f3 este viernes con la presidenta del Concejo Municipal de esa urbe del oriente, Silvana Mucarzel, a qui\u00e9n inst\u00f3 a propiciar la declaraci\u00f3n de emergencia en el municipio debido a la escasez de combustibles.<br \/>\nSe\u00f1al\u00f3 que el Comit\u00e9 est\u00e1 en busca de soluciones para la crisis de carburantes y difundi\u00f3 a la autoridad municipal las tareas que realiza y las necesidades del departamento.<br \/>\n\u201cNos reunimos con la presidenta del Concejo Municipal para hacerle conocer no solamente las gestiones que venimos realizando. Sino la necesidad que hay en la ciudad de Santa Cruz para que ellos como Concejo tambi\u00e9n puedan declarase en emergencia ante la cr\u00edtica situaci\u00f3n que vivimos por la inoperancia del presidente (Luis) Arce y todo su gabinete\u201d, se\u00f1al\u00f3 Cochamanidis tras la junta con Mucarzel.<br \/>\nSanta Cruz en emergencia<br \/>\nMientras, la escasez de combustible sigue generando movilizaciones en el oriente. Por la falta de di\u00e9sel, varios productores de la regi\u00f3n se declararon en emergencia.<br \/>\nEntretanto, el presidente de la C\u00e1mara Agropecuaria del Oriente (CAO), Jos\u00e9 Luis Farah, se\u00f1al\u00f3 que ante estos inconvenientes el pa\u00eds no se desarrolla y dijo que el modelo econ\u00f3mico del Gobierno fracas\u00f3.<br \/>\n\u201cEl Gobierno ya fracas\u00f3, su modelo no tiene \u00e9xito y ahora vemos cola para todo. Lo que necesitamos es una liberaci\u00f3n, ser activo de un trabajo libre y lo que necesitamos es libertad para producir, para trabajar. Para hacer las cosas y libertad para que se importe di\u00e9sel\u201d, asegur\u00f3 Farah.<br \/>\nPor la falta de gasolina y di\u00e9sel, as\u00ed como las persistentes lluvias, el sector agropecuario se ve amenazado de perder sus cosechas de verano. Tanto de soya como ma\u00edz, arroz y sorgo.<\/p>\n","protected":false},"excerpt":{"rendered":"<p>El presidente del Comit\u00e9 pro Santa Cruz, Stello Cochamanidis, se reuni\u00f3 este viernes con la presidenta del Concejo Municipal de esa urbe del oriente, Silvana Mucarzel, a qui\u00e9n inst\u00f3 a propiciar la declaraci\u00f3n de emergencia en el municipio debido a la escasez de combustibles. Se\u00f1al\u00f3 que el Comit\u00e9 est\u00e1 en busca de soluciones para la [&hellip;]<\/p>\n","protected":false},"author":1,"featured_media":2090,"comment_status":"","ping_status":"open","sticky":false,"template":"","format":"standard","meta":{"pagelayer_contact_templates":[],"_pagelayer_content":"","footnotes":""},"categories":[22],"tags":[],"class_list":{"0":"post-2089","1":"post","2":"type-post","3":"status-publish","4":"format-standard","5":"has-post-thumbnail","7":"category-social"},"_links":{"self":[{"href":"https:\/\/jms.com.bo\/mediamonitorbo\/wp-json\/wp\/v2\/posts\/2089","targetHints":{"allow":["GET"]}}],"collection":[{"href":"https:\/\/jms.com.bo\/mediamonitorbo\/wp-json\/wp\/v2\/posts"}],"about":[{"href":"https:\/\/jms.com.bo\/mediamonitorbo\/wp-json\/wp\/v2\/types\/post"}],"author":[{"embeddable":true,"href":"https:\/\/jms.com.bo\/mediamonitorbo\/wp-json\/wp\/v2\/users\/1"}],"replies":[{"embeddable":true,"href":"https:\/\/jms.com.bo\/mediamonitorbo\/wp-json\/wp\/v2\/comments?post=2089"}],"version-history":[{"count":0,"href":"https:\/\/jms.com.bo\/mediamonitorbo\/wp-json\/wp\/v2\/posts\/2089\/revisions"}],"wp:featuredmedia":[{"embeddable":true,"href":"https:\/\/jms.com.bo\/mediamonitorbo\/wp-json\/wp\/v2\/media\/2090"}],"wp:attachment":[{"href":"https:\/\/jms.com.bo\/mediamonitorbo\/wp-json\/wp\/v2\/media?parent=2089"}],"wp:term":[{"taxonomy":"category","embeddable":true,"href":"https:\/\/jms.com.bo\/mediamonitorbo\/wp-json\/wp\/v2\/categories?post=2089"},{"taxonomy":"post_tag","embeddable":true,"href":"https:\/\/jms.com.bo\/mediamonitorbo\/wp-json\/wp\/v2\/tags?post=2089"}],"curies":[{"name":"wp","href":"https:\/\/api.w.org\/{rel}","templated":true}]}}