{"id":2091,"date":"2025-03-24T07:14:59","date_gmt":"2025-03-24T11:14:59","guid":{"rendered":"https:\/\/jms.com.bo\/mediamonitorbo\/2025\/03\/24\/comite-multisectorial-pide-al-gobierno-reprogramar-reunion-para-tratar-la-importacion-combustible\/"},"modified":"2025-03-24T07:14:59","modified_gmt":"2025-03-24T11:14:59","slug":"comite-multisectorial-pide-al-gobierno-reprogramar-reunion-para-tratar-la-importacion-combustible","status":"publish","type":"post","link":"https:\/\/jms.com.bo\/mediamonitorbo\/2025\/03\/24\/comite-multisectorial-pide-al-gobierno-reprogramar-reunion-para-tratar-la-importacion-combustible\/","title":{"rendered":"Comit\u00e9 Multisectorial pide al Gobierno reprogramar reuni\u00f3n para tratar la importaci\u00f3n combustible"},"content":{"rendered":"<p>La C\u00e1mara Nacional de Industrias (CNI) en representaci\u00f3n del Comit\u00e9 Multisectorial piden al Gobierno reprogramar reuni\u00f3n para este lunes 24 de marzo, donde tratar\u00e1n el proyecto de ley sobre la importaci\u00f3n de di\u00e9sel y gasolina.<br \/>\nLa carta con dicha solicitud fue enviada al ministro de Hidrocarburos y Energ\u00edas, Alejandro Gallardo.<br \/>\n\u201cLe solicitamos muy respetuosamente modificar la fecha de reuni\u00f3n, debido a que, por problemas log\u00edsticos y limitaci\u00f3n de pasajes, las delegaciones de otras ciudades no pueden llegar a tiempo para la reuni\u00f3n originalmente programada\u201d, se\u00f1ala la misiva firmada por Pablo Camacho, presidente de la CNI.<br \/>\nTambi\u00e9n piden que se la desarrolle a las 09:00 en instalaciones de Yacimientos Petrol\u00edferos Fiscales Bolivianos (YPFB). \u201cEsto permitir\u00e1 a las delegaciones de otras ciudades asistir sin inconvenientes\u201d.<br \/>\nEl Comit\u00e9 Multisectorial present\u00f3 un proyecto de ley que busca regular la importaci\u00f3n, transporte y comercializaci\u00f3n de gasolina y di\u00e9sel en el pa\u00eds. Tambi\u00e9n el objetivo que el sector tiene con este proyecto es proteger los derechos de los consumidores.<br \/>\nAdem\u00e1s, el sector ten\u00eda programado realizar un ampliado para este viernes 21 de marzo en la ciudad de El Alto, pero fue trasladado para el mi\u00e9rcoles 2 de abril en el mismo lugar.<\/p>\n","protected":false},"excerpt":{"rendered":"<p>La C\u00e1mara Nacional de Industrias (CNI) en representaci\u00f3n del Comit\u00e9 Multisectorial piden al Gobierno reprogramar reuni\u00f3n para este lunes 24 de marzo, donde tratar\u00e1n el proyecto de ley sobre la importaci\u00f3n de di\u00e9sel y gasolina. La carta con dicha solicitud fue enviada al ministro de Hidrocarburos y Energ\u00edas, Alejandro Gallardo. \u201cLe solicitamos muy respetuosamente modificar [&hellip;]<\/p>\n","protected":false},"author":1,"featured_media":2092,"comment_status":"","ping_status":"open","sticky":false,"template":"","format":"standard","meta":{"pagelayer_contact_templates":[],"_pagelayer_content":"","footnotes":""},"categories":[22],"tags":[],"class_list":{"0":"post-2091","1":"post","2":"type-post","3":"status-publish","4":"format-standard","5":"has-post-thumbnail","7":"category-social"},"_links":{"self":[{"href":"https:\/\/jms.com.bo\/mediamonitorbo\/wp-json\/wp\/v2\/posts\/2091","targetHints":{"allow":["GET"]}}],"collection":[{"href":"https:\/\/jms.com.bo\/mediamonitorbo\/wp-json\/wp\/v2\/posts"}],"about":[{"href":"https:\/\/jms.com.bo\/mediamonitorbo\/wp-json\/wp\/v2\/types\/post"}],"author":[{"embeddable":true,"href":"https:\/\/jms.com.bo\/mediamonitorbo\/wp-json\/wp\/v2\/users\/1"}],"replies":[{"embeddable":true,"href":"https:\/\/jms.com.bo\/mediamonitorbo\/wp-json\/wp\/v2\/comments?post=2091"}],"version-history":[{"count":0,"href":"https:\/\/jms.com.bo\/mediamonitorbo\/wp-json\/wp\/v2\/posts\/2091\/revisions"}],"wp:featuredmedia":[{"embeddable":true,"href":"https:\/\/jms.com.bo\/mediamonitorbo\/wp-json\/wp\/v2\/media\/2092"}],"wp:attachment":[{"href":"https:\/\/jms.com.bo\/mediamonitorbo\/wp-json\/wp\/v2\/media?parent=2091"}],"wp:term":[{"taxonomy":"category","embeddable":true,"href":"https:\/\/jms.com.bo\/mediamonitorbo\/wp-json\/wp\/v2\/categories?post=2091"},{"taxonomy":"post_tag","embeddable":true,"href":"https:\/\/jms.com.bo\/mediamonitorbo\/wp-json\/wp\/v2\/tags?post=2091"}],"curies":[{"name":"wp","href":"https:\/\/api.w.org\/{rel}","templated":true}]}}