{"id":2093,"date":"2025-03-24T07:13:28","date_gmt":"2025-03-24T11:13:28","guid":{"rendered":"https:\/\/jms.com.bo\/mediamonitorbo\/2025\/03\/24\/presidente-de-cainco-pone-la-lupa-sobre-la-economia\/"},"modified":"2025-03-24T07:13:28","modified_gmt":"2025-03-24T11:13:28","slug":"presidente-de-cainco-pone-la-lupa-sobre-la-economia","status":"publish","type":"post","link":"https:\/\/jms.com.bo\/mediamonitorbo\/2025\/03\/24\/presidente-de-cainco-pone-la-lupa-sobre-la-economia\/","title":{"rendered":"Presidente de Cainco pone la lupa sobre la econom\u00eda"},"content":{"rendered":"<p>Jean Pierre Antelo Dabdoub, presidente de la C\u00e1mara de Industria, Comercio, Turismo y Servicios (Cainco), ofrecer\u00e1 este lunes 24 de marzo, una exposici\u00f3n sobre la situaci\u00f3n actual de la econom\u00eda en el pa\u00eds y tambi\u00e9n abordar\u00e1 aspectos relativos a liderazgo, emprendedurismo e innovaci\u00f3n en tiempos de crisis.<br \/>\nLa presentaci\u00f3n del titular de la Cainco es promovida por la c\u00e1tedra \u2018Dr. Pedro Rivero Mercado\u2019 de la carrera de Periodismo de la Universidad Franz Tamayo y tendr\u00e1 lugar desde las 10:00 horas en el sal\u00f3n auditorio de esa casa superior de estudios, localizada entre la avenida Busch y el segundo anillo de circunvalaci\u00f3n.<br \/>\nPosteriormente, Antelo Dabdoub responder\u00e1 a algunas preguntas en un conversatorio que compartir\u00e1 con docentes de las carreras de Derecho, Psicolog\u00eda y Periodismo que forman parte de la Facultad de Ciencias Jur\u00eddicas y Sociales de la Unifranz. Estudiantes de la Universidad y representantes de diferentes instituciones y sectores han sido invitados a participar de ese espacio.<\/p>\n","protected":false},"excerpt":{"rendered":"<p>Jean Pierre Antelo Dabdoub, presidente de la C\u00e1mara de Industria, Comercio, Turismo y Servicios (Cainco), ofrecer\u00e1 este lunes 24 de marzo, una exposici\u00f3n sobre la situaci\u00f3n actual de la econom\u00eda en el pa\u00eds y tambi\u00e9n abordar\u00e1 aspectos relativos a liderazgo, emprendedurismo e innovaci\u00f3n en tiempos de crisis. La presentaci\u00f3n del titular de la Cainco es [&hellip;]<\/p>\n","protected":false},"author":1,"featured_media":2094,"comment_status":"","ping_status":"open","sticky":false,"template":"","format":"standard","meta":{"pagelayer_contact_templates":[],"_pagelayer_content":"","footnotes":""},"categories":[22],"tags":[],"class_list":{"0":"post-2093","1":"post","2":"type-post","3":"status-publish","4":"format-standard","5":"has-post-thumbnail","7":"category-social"},"_links":{"self":[{"href":"https:\/\/jms.com.bo\/mediamonitorbo\/wp-json\/wp\/v2\/posts\/2093","targetHints":{"allow":["GET"]}}],"collection":[{"href":"https:\/\/jms.com.bo\/mediamonitorbo\/wp-json\/wp\/v2\/posts"}],"about":[{"href":"https:\/\/jms.com.bo\/mediamonitorbo\/wp-json\/wp\/v2\/types\/post"}],"author":[{"embeddable":true,"href":"https:\/\/jms.com.bo\/mediamonitorbo\/wp-json\/wp\/v2\/users\/1"}],"replies":[{"embeddable":true,"href":"https:\/\/jms.com.bo\/mediamonitorbo\/wp-json\/wp\/v2\/comments?post=2093"}],"version-history":[{"count":0,"href":"https:\/\/jms.com.bo\/mediamonitorbo\/wp-json\/wp\/v2\/posts\/2093\/revisions"}],"wp:featuredmedia":[{"embeddable":true,"href":"https:\/\/jms.com.bo\/mediamonitorbo\/wp-json\/wp\/v2\/media\/2094"}],"wp:attachment":[{"href":"https:\/\/jms.com.bo\/mediamonitorbo\/wp-json\/wp\/v2\/media?parent=2093"}],"wp:term":[{"taxonomy":"category","embeddable":true,"href":"https:\/\/jms.com.bo\/mediamonitorbo\/wp-json\/wp\/v2\/categories?post=2093"},{"taxonomy":"post_tag","embeddable":true,"href":"https:\/\/jms.com.bo\/mediamonitorbo\/wp-json\/wp\/v2\/tags?post=2093"}],"curies":[{"name":"wp","href":"https:\/\/api.w.org\/{rel}","templated":true}]}}