{"id":2174,"date":"2025-03-20T06:51:09","date_gmt":"2025-03-20T10:51:09","guid":{"rendered":"https:\/\/jms.com.bo\/mediamonitorbo\/2025\/03\/20\/plataformas-ciudadanas-marchan-en-la-ciudad-de-la-paz-por-la-crisis-de-combustible-y-la-canasta-familiar\/"},"modified":"2025-03-20T06:51:09","modified_gmt":"2025-03-20T10:51:09","slug":"plataformas-ciudadanas-marchan-en-la-ciudad-de-la-paz-por-la-crisis-de-combustible-y-la-canasta-familiar","status":"publish","type":"post","link":"https:\/\/jms.com.bo\/mediamonitorbo\/2025\/03\/20\/plataformas-ciudadanas-marchan-en-la-ciudad-de-la-paz-por-la-crisis-de-combustible-y-la-canasta-familiar\/","title":{"rendered":"Plataformas ciudadanas marchan en la ciudad de La Paz por la crisis de combustible y la canasta familiar"},"content":{"rendered":"<p>Plataformas ciudadanas y otros sectores sociales marcharon este mi\u00e9rcoles en la noche en la ciudad de La Paz para exigir al Gobierno solucionar la escasez de combustible y el alza de los productos de la canasta familiar.<br \/>\n\u201cEl pueblo boliviano que sale a las calles, desde en la ma\u00f1ana, con bloqueos en El Alto, es el hambre que est\u00e1n pasando. Este Gobierno m\u00e1s se est\u00e1 dedicando a robar y no a solucionar la crisis, de esa manera seguimos en pie de lucha\u201d, dijo el dirigente de los gremiales To\u00f1o Si\u00f1ani.<br \/>\nIndic\u00f3 que es la primera medida de presi\u00f3n que se est\u00e1 realizando. \u201cEste es el principio se\u00f1or Luis Arce Catacora\u201d advirti\u00f3.<br \/>\nLa movilizaci\u00f3n se concentr\u00f3 del atrio de la Universidad Mayor de San Andr\u00e9s (UMSA) y parti\u00f3 de ese punto para recorrer varias calles de la ciudad de La Paz.<br \/>\nLea m\u00e1s: Defensor\u00eda del Pueblo insta al di\u00e1logo ante crisis econ\u00f3mica<br \/>\nLas personas portaban banderas de la tricolor y pancartas que se\u00f1alaban \u201cMasistas corruptos a la c\u00e1rcel\u201d.<br \/>\nLa ma\u00f1ana de este mi\u00e9rcoles, los choferes de la ciudad de El Alto, La Paz, paralizaron distintas zonas de ese municipio por la escasez de combustibles y de d\u00f3lares, el incremento de la canasta familiar y de los repuestos para veh\u00edculos, principalmente.<br \/>\nSin embargo, horas m\u00e1s tarde determinaron levantar el paro indefinido; pero, indicaron que se sumar\u00e1n a la medida de 48 horas que llevar\u00e1n adelante los transportistas a nivel departamental. Esta movilizaci\u00f3n est\u00e1 prevista para el lunes 24 y martes 25 de este mes.<br \/>\nAsimismo, los campesinos realizaron una movilizaci\u00f3n en la ciudad de La Paz con el objetivo de cercar la plaza Murillo.<br \/>\nEntre sus demandas est\u00e1 la renuncia de \u201calgunos\u201d ministros de Estado y el rechazo a la aprobaci\u00f3n de los cr\u00e9ditos en la Asamblea Legislativa.<\/p>\n","protected":false},"excerpt":{"rendered":"<p>Plataformas ciudadanas y otros sectores sociales marcharon este mi\u00e9rcoles en la noche en la ciudad de La Paz para exigir al Gobierno solucionar la escasez de combustible y el alza de los productos de la canasta familiar. \u201cEl pueblo boliviano que sale a las calles, desde en la ma\u00f1ana, con bloqueos en El Alto, es [&hellip;]<\/p>\n","protected":false},"author":1,"featured_media":2175,"comment_status":"","ping_status":"open","sticky":false,"template":"","format":"standard","meta":{"pagelayer_contact_templates":[],"_pagelayer_content":"","footnotes":""},"categories":[22],"tags":[],"class_list":{"0":"post-2174","1":"post","2":"type-post","3":"status-publish","4":"format-standard","5":"has-post-thumbnail","7":"category-social"},"_links":{"self":[{"href":"https:\/\/jms.com.bo\/mediamonitorbo\/wp-json\/wp\/v2\/posts\/2174","targetHints":{"allow":["GET"]}}],"collection":[{"href":"https:\/\/jms.com.bo\/mediamonitorbo\/wp-json\/wp\/v2\/posts"}],"about":[{"href":"https:\/\/jms.com.bo\/mediamonitorbo\/wp-json\/wp\/v2\/types\/post"}],"author":[{"embeddable":true,"href":"https:\/\/jms.com.bo\/mediamonitorbo\/wp-json\/wp\/v2\/users\/1"}],"replies":[{"embeddable":true,"href":"https:\/\/jms.com.bo\/mediamonitorbo\/wp-json\/wp\/v2\/comments?post=2174"}],"version-history":[{"count":0,"href":"https:\/\/jms.com.bo\/mediamonitorbo\/wp-json\/wp\/v2\/posts\/2174\/revisions"}],"wp:featuredmedia":[{"embeddable":true,"href":"https:\/\/jms.com.bo\/mediamonitorbo\/wp-json\/wp\/v2\/media\/2175"}],"wp:attachment":[{"href":"https:\/\/jms.com.bo\/mediamonitorbo\/wp-json\/wp\/v2\/media?parent=2174"}],"wp:term":[{"taxonomy":"category","embeddable":true,"href":"https:\/\/jms.com.bo\/mediamonitorbo\/wp-json\/wp\/v2\/categories?post=2174"},{"taxonomy":"post_tag","embeddable":true,"href":"https:\/\/jms.com.bo\/mediamonitorbo\/wp-json\/wp\/v2\/tags?post=2174"}],"curies":[{"name":"wp","href":"https:\/\/api.w.org\/{rel}","templated":true}]}}