{"id":2176,"date":"2025-03-20T06:48:13","date_gmt":"2025-03-20T10:48:13","guid":{"rendered":"https:\/\/jms.com.bo\/mediamonitorbo\/2025\/03\/20\/transportistas-dejaran-de-pagar-peajes-en-protesta-por-el-mal-estado-de-las-carreteras\/"},"modified":"2025-03-20T06:48:13","modified_gmt":"2025-03-20T10:48:13","slug":"transportistas-dejaran-de-pagar-peajes-en-protesta-por-el-mal-estado-de-las-carreteras","status":"publish","type":"post","link":"https:\/\/jms.com.bo\/mediamonitorbo\/2025\/03\/20\/transportistas-dejaran-de-pagar-peajes-en-protesta-por-el-mal-estado-de-las-carreteras\/","title":{"rendered":"Transportistas dejar\u00e1n de pagar peajes en protesta por el mal estado de las carreteras"},"content":{"rendered":"<p>Algunos transportistas de manera independiente est\u00e1n determinando no pagar los peajes, que son controlados por la Administradora de Peaje y Pesaje V\u00edas Bolivia, por el mal estado de las carretas en todo el pa\u00eds.<br \/>\nH\u00e9ctor Mercado, presidente de la C\u00e1mara de Transporte Pesado de Bolivia, aclar\u00f3 que esta es una medida de protesta que nace de los asociados y no de la entidad.<br \/>\n\u201cCada transportista est\u00e1 determinando no pagar peajes. Esto ya es un tema que no depende de la C\u00e1mara (de Transporte Pesado) sino de cada transportista porque las carreteras en el pa\u00eds est\u00e1n mal, entonces esto ya es un problema nacional y no departamental\u201d, dijo el dirigente.<br \/>\nEn lo que viene a ser el tema combustible, Mercado indic\u00f3 que el Gobierno debe cumplir el compromiso de abastecer de gasolina y di\u00e9sel al sector.<br \/>\nOtras protestas<br \/>\nLa ma\u00f1ana de hoy, un grupo de personas tom\u00f3 tres casetas de peaje en el Norte cruce\u00f1o: Minero, Chan\u00e9 y Agua\u00ed, esto en protesta por la escasez de combustible. Ayer, otro grupo de personas destruy\u00f3 con maquinaria pesada las instalaciones del peaje en el municipio de Ivirgarzama, zona del tr\u00f3pico de Cochabamba.<br \/>\nSobre este \u00faltimo hecho, el viceministro de Transporte, Enrique Ponce de Le\u00f3n, anunci\u00f3 el inicio de acciones legales contra los responsables.<br \/>\n\u201cSe van a asumir acciones desde V\u00eda Bolivia conforme lo dictamina el C\u00f3digo Penal en su art\u00edculo 223 sobre destrucci\u00f3n o deterioro de bienes del Estado\u201d, anunci\u00f3 la autoridad.<\/p>\n","protected":false},"excerpt":{"rendered":"<p>Algunos transportistas de manera independiente est\u00e1n determinando no pagar los peajes, que son controlados por la Administradora de Peaje y Pesaje V\u00edas Bolivia, por el mal estado de las carretas en todo el pa\u00eds. H\u00e9ctor Mercado, presidente de la C\u00e1mara de Transporte Pesado de Bolivia, aclar\u00f3 que esta es una medida de protesta que nace [&hellip;]<\/p>\n","protected":false},"author":1,"featured_media":2177,"comment_status":"","ping_status":"open","sticky":false,"template":"","format":"standard","meta":{"pagelayer_contact_templates":[],"_pagelayer_content":"","footnotes":""},"categories":[22],"tags":[],"class_list":{"0":"post-2176","1":"post","2":"type-post","3":"status-publish","4":"format-standard","5":"has-post-thumbnail","7":"category-social"},"_links":{"self":[{"href":"https:\/\/jms.com.bo\/mediamonitorbo\/wp-json\/wp\/v2\/posts\/2176","targetHints":{"allow":["GET"]}}],"collection":[{"href":"https:\/\/jms.com.bo\/mediamonitorbo\/wp-json\/wp\/v2\/posts"}],"about":[{"href":"https:\/\/jms.com.bo\/mediamonitorbo\/wp-json\/wp\/v2\/types\/post"}],"author":[{"embeddable":true,"href":"https:\/\/jms.com.bo\/mediamonitorbo\/wp-json\/wp\/v2\/users\/1"}],"replies":[{"embeddable":true,"href":"https:\/\/jms.com.bo\/mediamonitorbo\/wp-json\/wp\/v2\/comments?post=2176"}],"version-history":[{"count":0,"href":"https:\/\/jms.com.bo\/mediamonitorbo\/wp-json\/wp\/v2\/posts\/2176\/revisions"}],"wp:featuredmedia":[{"embeddable":true,"href":"https:\/\/jms.com.bo\/mediamonitorbo\/wp-json\/wp\/v2\/media\/2177"}],"wp:attachment":[{"href":"https:\/\/jms.com.bo\/mediamonitorbo\/wp-json\/wp\/v2\/media?parent=2176"}],"wp:term":[{"taxonomy":"category","embeddable":true,"href":"https:\/\/jms.com.bo\/mediamonitorbo\/wp-json\/wp\/v2\/categories?post=2176"},{"taxonomy":"post_tag","embeddable":true,"href":"https:\/\/jms.com.bo\/mediamonitorbo\/wp-json\/wp\/v2\/tags?post=2176"}],"curies":[{"name":"wp","href":"https:\/\/api.w.org\/{rel}","templated":true}]}}