{"id":2190,"date":"2025-03-19T07:05:44","date_gmt":"2025-03-19T11:05:44","guid":{"rendered":"https:\/\/jms.com.bo\/mediamonitorbo\/2025\/03\/19\/ende-anuncio-racionamiento-de-energia-electrica-en-san-matias\/"},"modified":"2025-03-19T07:05:44","modified_gmt":"2025-03-19T11:05:44","slug":"ende-anuncio-racionamiento-de-energia-electrica-en-san-matias","status":"publish","type":"post","link":"https:\/\/jms.com.bo\/mediamonitorbo\/2025\/03\/19\/ende-anuncio-racionamiento-de-energia-electrica-en-san-matias\/","title":{"rendered":"ENDE anunci\u00f3 racionamiento de energ\u00eda el\u00e9ctrica en San Mat\u00edas"},"content":{"rendered":"<p>La Empresa Nacional de Electrificaci\u00f3n (ENDE) anunci\u00f3 racionamiento de energ\u00eda el\u00e9ctrica por zonas, debido a la indisponibilidad de los generadores SMT04 y SMT06, esto por problemas mec\u00e1nicos. Seg\u00fan el comunicado, este razonamiento se realiz\u00f3 a partir de las cero horas de este 18 de marzo en San Mat\u00edas y las comunidades aleda\u00f1as.<br \/>\nAl respecto, Wilfredo Peinado, asamble\u00edsta de San Mat\u00edas, asegur\u00f3 que la poblaci\u00f3n volver\u00e1 a utilizar mecheros e indic\u00f3 que este racionamiento, contrariamente a lo indicado, por ENDE, es por la falta de di\u00e9sel que impide el funcionamiento de los motores.<br \/>\n\u201cLos motores funcionan a di\u00e9sel; los cortes comenzaron a programarse en las comunidades y la poblaci\u00f3n de ver\u00e1 perjudicada. Nos falta combustible, y los motores funcionan a di\u00e9sel y estamos llegando al extremo que no tengamos ni energ\u00eda el\u00e9ctrica\u201d, afirm\u00f3 el Asamble\u00edsta en San Mat\u00edas, quien asegur\u00f3 que esto perjudicar\u00e1 en gran medida la poblaci\u00f3n.<\/p>\n","protected":false},"excerpt":{"rendered":"<p>La Empresa Nacional de Electrificaci\u00f3n (ENDE) anunci\u00f3 racionamiento de energ\u00eda el\u00e9ctrica por zonas, debido a la indisponibilidad de los generadores SMT04 y SMT06, esto por problemas mec\u00e1nicos. Seg\u00fan el comunicado, este razonamiento se realiz\u00f3 a partir de las cero horas de este 18 de marzo en San Mat\u00edas y las comunidades aleda\u00f1as. Al respecto, Wilfredo [&hellip;]<\/p>\n","protected":false},"author":1,"featured_media":2191,"comment_status":"","ping_status":"open","sticky":false,"template":"","format":"standard","meta":{"pagelayer_contact_templates":[],"_pagelayer_content":"","footnotes":""},"categories":[18,28,24],"tags":[],"class_list":{"0":"post-2190","1":"post","2":"type-post","3":"status-publish","4":"format-standard","5":"has-post-thumbnail","7":"category-energia","8":"category-portada-energia","9":"category-portada-general-sitio"},"_links":{"self":[{"href":"https:\/\/jms.com.bo\/mediamonitorbo\/wp-json\/wp\/v2\/posts\/2190","targetHints":{"allow":["GET"]}}],"collection":[{"href":"https:\/\/jms.com.bo\/mediamonitorbo\/wp-json\/wp\/v2\/posts"}],"about":[{"href":"https:\/\/jms.com.bo\/mediamonitorbo\/wp-json\/wp\/v2\/types\/post"}],"author":[{"embeddable":true,"href":"https:\/\/jms.com.bo\/mediamonitorbo\/wp-json\/wp\/v2\/users\/1"}],"replies":[{"embeddable":true,"href":"https:\/\/jms.com.bo\/mediamonitorbo\/wp-json\/wp\/v2\/comments?post=2190"}],"version-history":[{"count":0,"href":"https:\/\/jms.com.bo\/mediamonitorbo\/wp-json\/wp\/v2\/posts\/2190\/revisions"}],"wp:featuredmedia":[{"embeddable":true,"href":"https:\/\/jms.com.bo\/mediamonitorbo\/wp-json\/wp\/v2\/media\/2191"}],"wp:attachment":[{"href":"https:\/\/jms.com.bo\/mediamonitorbo\/wp-json\/wp\/v2\/media?parent=2190"}],"wp:term":[{"taxonomy":"category","embeddable":true,"href":"https:\/\/jms.com.bo\/mediamonitorbo\/wp-json\/wp\/v2\/categories?post=2190"},{"taxonomy":"post_tag","embeddable":true,"href":"https:\/\/jms.com.bo\/mediamonitorbo\/wp-json\/wp\/v2\/tags?post=2190"}],"curies":[{"name":"wp","href":"https:\/\/api.w.org\/{rel}","templated":true}]}}