{"id":2204,"date":"2025-03-19T06:47:20","date_gmt":"2025-03-19T10:47:20","guid":{"rendered":"https:\/\/jms.com.bo\/mediamonitorbo\/2025\/03\/19\/tse-descarta-contratar-a-una-empresa-internacional-para-el-sistema-trep\/"},"modified":"2025-03-19T06:47:20","modified_gmt":"2025-03-19T10:47:20","slug":"tse-descarta-contratar-a-una-empresa-internacional-para-el-sistema-trep","status":"publish","type":"post","link":"https:\/\/jms.com.bo\/mediamonitorbo\/2025\/03\/19\/tse-descarta-contratar-a-una-empresa-internacional-para-el-sistema-trep\/","title":{"rendered":"TSE descarta contratar a una empresa internacional para el sistema TREP"},"content":{"rendered":"<p>El presidente del Tribunal Supremo Electoral (TSE), \u00d3scar Hassenteufel, descart\u00f3 este martes que la contrataci\u00f3n de una empresa internacional para que se haga cargo del sistema de Transmisi\u00f3n de Resultados Electorales Preliminares (TREP) en los comicios generales de agosto pr\u00f3ximo. Afirm\u00f3 que el TSE desarrolla su propio sistema.<br \/>\n\u201cNo hay posibilidad de que podamos contratar una empresa extranjera, los tiempos no dan, una licitaci\u00f3n lleva mucho tiempo. El \u00d3rgano Electoral est\u00e1 desarrollando su propio sistema. Hemos hecho hace unos d\u00edas atr\u00e1s una quinta prueba, un quinto simulacro\u201d, afirm\u00f3 Hassenteufel.<br \/>\nLas declaraciones del Presidente del TSE fueron emitidas luego de concluir el di\u00e1logo convocado por el Gobierno, reuni\u00f3n en la que, seg\u00fan dijo la autoridad electoral, el Ejecutivo se comprometi\u00f3 para asignar los recursos econ\u00f3micos necesarios.<br \/>\nAl referirse al quinto simulacro, Hassenteufel anunci\u00f3 que esta prueba permitir\u00e1 la participaci\u00f3n de organizaciones pol\u00edticas, para que verifiquen el funcionamiento del sistema.<br \/>\nAcot\u00f3 que el TSE desarrolla su propio sistema TREP con el asesoramiento de un experto del Centro de Asesor\u00eda y Promoci\u00f3n Electoral (CAPEL), que es un programa especializado del Instituto Interamericano de Derechos Humanos (IIDH).<br \/>\nPor otra parte, inform\u00f3 que, en el di\u00e1logo propiciado por el Gobierno, hubo el compromiso de asignaci\u00f3n del presupuesto econ\u00f3mico requerido para garantizar el voto de bolivianos en el exterior.<\/p>\n","protected":false},"excerpt":{"rendered":"<p>El presidente del Tribunal Supremo Electoral (TSE), \u00d3scar Hassenteufel, descart\u00f3 este martes que la contrataci\u00f3n de una empresa internacional para que se haga cargo del sistema de Transmisi\u00f3n de Resultados Electorales Preliminares (TREP) en los comicios generales de agosto pr\u00f3ximo. Afirm\u00f3 que el TSE desarrolla su propio sistema. \u201cNo hay posibilidad de que podamos contratar [&hellip;]<\/p>\n","protected":false},"author":1,"featured_media":2205,"comment_status":"","ping_status":"open","sticky":false,"template":"","format":"standard","meta":{"pagelayer_contact_templates":[],"_pagelayer_content":"","footnotes":""},"categories":[20,24,30],"tags":[],"class_list":{"0":"post-2204","1":"post","2":"type-post","3":"status-publish","4":"format-standard","5":"has-post-thumbnail","7":"category-politica","8":"category-portada-general-sitio","9":"category-portada-politica"},"_links":{"self":[{"href":"https:\/\/jms.com.bo\/mediamonitorbo\/wp-json\/wp\/v2\/posts\/2204","targetHints":{"allow":["GET"]}}],"collection":[{"href":"https:\/\/jms.com.bo\/mediamonitorbo\/wp-json\/wp\/v2\/posts"}],"about":[{"href":"https:\/\/jms.com.bo\/mediamonitorbo\/wp-json\/wp\/v2\/types\/post"}],"author":[{"embeddable":true,"href":"https:\/\/jms.com.bo\/mediamonitorbo\/wp-json\/wp\/v2\/users\/1"}],"replies":[{"embeddable":true,"href":"https:\/\/jms.com.bo\/mediamonitorbo\/wp-json\/wp\/v2\/comments?post=2204"}],"version-history":[{"count":0,"href":"https:\/\/jms.com.bo\/mediamonitorbo\/wp-json\/wp\/v2\/posts\/2204\/revisions"}],"wp:featuredmedia":[{"embeddable":true,"href":"https:\/\/jms.com.bo\/mediamonitorbo\/wp-json\/wp\/v2\/media\/2205"}],"wp:attachment":[{"href":"https:\/\/jms.com.bo\/mediamonitorbo\/wp-json\/wp\/v2\/media?parent=2204"}],"wp:term":[{"taxonomy":"category","embeddable":true,"href":"https:\/\/jms.com.bo\/mediamonitorbo\/wp-json\/wp\/v2\/categories?post=2204"},{"taxonomy":"post_tag","embeddable":true,"href":"https:\/\/jms.com.bo\/mediamonitorbo\/wp-json\/wp\/v2\/tags?post=2204"}],"curies":[{"name":"wp","href":"https:\/\/api.w.org\/{rel}","templated":true}]}}