{"id":2276,"date":"2025-03-17T07:15:24","date_gmt":"2025-03-17T11:15:24","guid":{"rendered":"https:\/\/jms.com.bo\/mediamonitorbo\/2025\/03\/17\/uatf-implementa-un-proyecto-piloto-para-utilizar-energia-solar\/"},"modified":"2025-03-17T07:15:24","modified_gmt":"2025-03-17T11:15:24","slug":"uatf-implementa-un-proyecto-piloto-para-utilizar-energia-solar","status":"publish","type":"post","link":"https:\/\/jms.com.bo\/mediamonitorbo\/2025\/03\/17\/uatf-implementa-un-proyecto-piloto-para-utilizar-energia-solar\/","title":{"rendered":"UATF implementa un proyecto piloto para utilizar energ\u00eda solar"},"content":{"rendered":"<p>La Universidad Aut\u00f3noma Tom\u00e1s Fr\u00edas (UATF) encara un proyecto piloto para utilizar la energ\u00eda solar para sus edificios. Se instalar\u00e1 48 paneles 485 Wp cada uno, generaremos 24 KWP en uno de los edificios de la Ciudadela Universitaria.<br \/>\nEl vicerrector de la UATF, David Soraide inform\u00f3 que se busca efectivizar el uso de energ\u00eda para reducir el gasto por energ\u00eda el\u00e9ctrica mediante la instalaci\u00f3n de paneles solares.<br \/>\n\u201cComo universidad estamos lanzando este primer proyecto piloto para que podamos demostrar a la poblaci\u00f3n que es posible reducir el costo de la energ\u00eda el\u00e9ctrica a trav\u00e9s de paneles solares que son plantas fotovoltaicas\u201d, dijo.<br \/>\nPor ello, se encara este proyecto para producir energ\u00eda que ser\u00e1 inyectada a la red el\u00e9ctrica. El consumo, de acuerdo a los estudios preliminares se reduce en 15 por ciento, ayudando a dar soluci\u00f3n a problemas energ\u00e9ticos a mediano plazo, complement\u00f3.<br \/>\nEste proyecto piloto se espera sea replicado tanto en instituciones, como en domicilios para reducir el uso de energ\u00eda el\u00e9ctrica. Actualmente es instalado en el edificio de la Facultad de Ciencias Agr\u00edcolas y Pecuarias de la Ciudadela Universitaria. El proyecto abarca el edificio, con tres pisos incluidos la plata baja para efectivizar el uso de energ\u00eda el\u00e9ctrica.<br \/>\nPor su parte, el director de la Carrera de Ingenier\u00eda El\u00e9ctrica, Miguel Humberto Soto Terceros, explic\u00f3 que su carrera dise\u00f1\u00f3 el proyecto de generaci\u00f3n distribuida con el prop\u00f3sito de ampliar el campo de trabajo para los profesionales de ingenier\u00eda el\u00e9ctrica adem\u00e1s de brindar una alternativa ecol\u00f3gica de generaci\u00f3n de energ\u00eda.<br \/>\n\u201cEstamos queriendo realizar la instalaci\u00f3n de una planta fotovoltaica en la Ciudadela Universitaria (\u2026) ya se hizo el proyecto a dise\u00f1o final, vamos a lanzar la licitaci\u00f3n para que una empresa externa pueda realizar la instalaci\u00f3n en una de las terrazas de la ciudadela universitaria\u201d, explic\u00f3.<\/p>\n","protected":false},"excerpt":{"rendered":"<p>La Universidad Aut\u00f3noma Tom\u00e1s Fr\u00edas (UATF) encara un proyecto piloto para utilizar la energ\u00eda solar para sus edificios. Se instalar\u00e1 48 paneles 485 Wp cada uno, generaremos 24 KWP en uno de los edificios de la Ciudadela Universitaria. El vicerrector de la UATF, David Soraide inform\u00f3 que se busca efectivizar el uso de energ\u00eda para [&hellip;]<\/p>\n","protected":false},"author":1,"featured_media":2277,"comment_status":"","ping_status":"open","sticky":false,"template":"","format":"standard","meta":{"pagelayer_contact_templates":[],"_pagelayer_content":"","footnotes":""},"categories":[18,28,24],"tags":[],"class_list":{"0":"post-2276","1":"post","2":"type-post","3":"status-publish","4":"format-standard","5":"has-post-thumbnail","7":"category-energia","8":"category-portada-energia","9":"category-portada-general-sitio"},"_links":{"self":[{"href":"https:\/\/jms.com.bo\/mediamonitorbo\/wp-json\/wp\/v2\/posts\/2276","targetHints":{"allow":["GET"]}}],"collection":[{"href":"https:\/\/jms.com.bo\/mediamonitorbo\/wp-json\/wp\/v2\/posts"}],"about":[{"href":"https:\/\/jms.com.bo\/mediamonitorbo\/wp-json\/wp\/v2\/types\/post"}],"author":[{"embeddable":true,"href":"https:\/\/jms.com.bo\/mediamonitorbo\/wp-json\/wp\/v2\/users\/1"}],"replies":[{"embeddable":true,"href":"https:\/\/jms.com.bo\/mediamonitorbo\/wp-json\/wp\/v2\/comments?post=2276"}],"version-history":[{"count":0,"href":"https:\/\/jms.com.bo\/mediamonitorbo\/wp-json\/wp\/v2\/posts\/2276\/revisions"}],"wp:featuredmedia":[{"embeddable":true,"href":"https:\/\/jms.com.bo\/mediamonitorbo\/wp-json\/wp\/v2\/media\/2277"}],"wp:attachment":[{"href":"https:\/\/jms.com.bo\/mediamonitorbo\/wp-json\/wp\/v2\/media?parent=2276"}],"wp:term":[{"taxonomy":"category","embeddable":true,"href":"https:\/\/jms.com.bo\/mediamonitorbo\/wp-json\/wp\/v2\/categories?post=2276"},{"taxonomy":"post_tag","embeddable":true,"href":"https:\/\/jms.com.bo\/mediamonitorbo\/wp-json\/wp\/v2\/tags?post=2276"}],"curies":[{"name":"wp","href":"https:\/\/api.w.org\/{rel}","templated":true}]}}