{"id":2300,"date":"2025-03-17T06:45:39","date_gmt":"2025-03-17T10:45:39","guid":{"rendered":"https:\/\/jms.com.bo\/mediamonitorbo\/2025\/03\/17\/no-hay-motivos-para-movilizaciones-dice-el-gobierno-tras-arribo-de-combustible\/"},"modified":"2025-03-17T06:45:39","modified_gmt":"2025-03-17T10:45:39","slug":"no-hay-motivos-para-movilizaciones-dice-el-gobierno-tras-arribo-de-combustible","status":"publish","type":"post","link":"https:\/\/jms.com.bo\/mediamonitorbo\/2025\/03\/17\/no-hay-motivos-para-movilizaciones-dice-el-gobierno-tras-arribo-de-combustible\/","title":{"rendered":"\u2018No hay motivos para movilizaciones\u2019, dice el Gobierno tras arribo de combustible"},"content":{"rendered":"<p>Este domingo, tras la llegada de combustible importado de la terminal de Arica, Chile, el viceministro de Industrializaci\u00f3n, Comercializaci\u00f3n, Transporte y Almacenaje de Hidrocarburos, Adams Hurtado, indic\u00f3 que se deben suspender las medidas de presi\u00f3n anunciadas para esta semana.<br \/>\n\u201cLos sectores que han dicho que se van a movilizar considero que no es necesario porque el di\u00e9sel y la gasolina ya est\u00e1n llegando\u201d, afirm\u00f3 en conferencia de prensa.<br \/>\nCombustible<br \/>\nLa autoridad se refiri\u00f3 al paro anunciado para el mi\u00e9rcoles por el sector transportista de El Alto ante la escasez de combustibles y la falta de respuestas de las autoridades ante la complicada situaci\u00f3n que atraviesan los choferes, atrapados en \u201cfilas interminables\u201d en las estaciones de servicio.<br \/>\nDe acuerdo con Hurtado, se curs\u00f3 invitaciones a este sector para explicarles c\u00f3mo ser\u00e1 la log\u00edstica de distribuci\u00f3n de al menos 66 millones de litros que se tendr\u00e1 a disposici\u00f3n hasta el viernes.<br \/>\nRecord\u00f3 que un bloqueo, paro y cualquier medida de presi\u00f3n afecta la normal distribuci\u00f3n de carburantes, pues impide la circulaci\u00f3n de los camiones cisternas.<br \/>\nAsimismo, en relaci\u00f3n a los sectores productores, de los cuales algunos iniciar\u00e1n una marcha desde Patacamaya a La Paz el martes, el viceministro destac\u00f3 que se logr\u00f3 acuerdos con algunos sectores, como el minero y el agroindustrial, para que \u00e9stos accedan a importar di\u00e9sel a trav\u00e9s de Yacimientos Petrol\u00edferos Fiscales Bolivianos (YPFB), pero a precio internacional.<br \/>\nSeg\u00fan Hurtado, algunos de estos sectores aceptaron la propuesta y pr\u00f3ximamente importar\u00e1n su propio carburante, lo que permitir\u00e1 que los vol\u00famenes se destinen a otros sectores y la oferta incremente.<br \/>\nEn ese sentido, considera que con todos los trabajos y posibilidades que brind\u00f3 el Gobierno, el abastecimiento de combustible deber\u00eda regularizarse y volver a la normalidad en los pr\u00f3ximos d\u00edas.<br \/>\nEl viceministro aclar\u00f3 que el carburante que llega desde Arica y se empez\u00f3 a distribuir este domingo tendr\u00e1 un costo subvencionado: Bs 3,72 el litro de di\u00e9sel y Bs 3,74 el litro de gasolina.<\/p>\n","protected":false},"excerpt":{"rendered":"<p>Este domingo, tras la llegada de combustible importado de la terminal de Arica, Chile, el viceministro de Industrializaci\u00f3n, Comercializaci\u00f3n, Transporte y Almacenaje de Hidrocarburos, Adams Hurtado, indic\u00f3 que se deben suspender las medidas de presi\u00f3n anunciadas para esta semana. \u201cLos sectores que han dicho que se van a movilizar considero que no es necesario porque [&hellip;]<\/p>\n","protected":false},"author":1,"featured_media":2301,"comment_status":"","ping_status":"open","sticky":false,"template":"","format":"standard","meta":{"pagelayer_contact_templates":[],"_pagelayer_content":"","footnotes":""},"categories":[22],"tags":[],"class_list":{"0":"post-2300","1":"post","2":"type-post","3":"status-publish","4":"format-standard","5":"has-post-thumbnail","7":"category-social"},"_links":{"self":[{"href":"https:\/\/jms.com.bo\/mediamonitorbo\/wp-json\/wp\/v2\/posts\/2300","targetHints":{"allow":["GET"]}}],"collection":[{"href":"https:\/\/jms.com.bo\/mediamonitorbo\/wp-json\/wp\/v2\/posts"}],"about":[{"href":"https:\/\/jms.com.bo\/mediamonitorbo\/wp-json\/wp\/v2\/types\/post"}],"author":[{"embeddable":true,"href":"https:\/\/jms.com.bo\/mediamonitorbo\/wp-json\/wp\/v2\/users\/1"}],"replies":[{"embeddable":true,"href":"https:\/\/jms.com.bo\/mediamonitorbo\/wp-json\/wp\/v2\/comments?post=2300"}],"version-history":[{"count":0,"href":"https:\/\/jms.com.bo\/mediamonitorbo\/wp-json\/wp\/v2\/posts\/2300\/revisions"}],"wp:featuredmedia":[{"embeddable":true,"href":"https:\/\/jms.com.bo\/mediamonitorbo\/wp-json\/wp\/v2\/media\/2301"}],"wp:attachment":[{"href":"https:\/\/jms.com.bo\/mediamonitorbo\/wp-json\/wp\/v2\/media?parent=2300"}],"wp:term":[{"taxonomy":"category","embeddable":true,"href":"https:\/\/jms.com.bo\/mediamonitorbo\/wp-json\/wp\/v2\/categories?post=2300"},{"taxonomy":"post_tag","embeddable":true,"href":"https:\/\/jms.com.bo\/mediamonitorbo\/wp-json\/wp\/v2\/tags?post=2300"}],"curies":[{"name":"wp","href":"https:\/\/api.w.org\/{rel}","templated":true}]}}