{"id":2302,"date":"2025-03-17T06:44:15","date_gmt":"2025-03-17T10:44:15","guid":{"rendered":"https:\/\/jms.com.bo\/mediamonitorbo\/2025\/03\/17\/vecinos-protestan-en-villa-fatima-y-otras-zonas-de-la-paz-por-falta-de-glp\/"},"modified":"2025-03-17T06:44:15","modified_gmt":"2025-03-17T10:44:15","slug":"vecinos-protestan-en-villa-fatima-y-otras-zonas-de-la-paz-por-falta-de-glp","status":"publish","type":"post","link":"https:\/\/jms.com.bo\/mediamonitorbo\/2025\/03\/17\/vecinos-protestan-en-villa-fatima-y-otras-zonas-de-la-paz-por-falta-de-glp\/","title":{"rendered":"Vecinos protestan en Villa F\u00e1tima y otras zonas de La Paz por falta de GLP"},"content":{"rendered":"<p>Por segundo d\u00eda consecutivo, vecinos protestaron en La Paz por la falta de gas licuado de petr\u00f3leo (GLP). Este s\u00e1bado hubo bloqueos en Villa F\u00e1tima y desabastecimiento en otras zonas.<br \/>\nVarias personas interrumpieron esta ma\u00f1ana el tr\u00e1fico en la avenida Las Am\u00e9ricas, la principal de Villa F\u00e1tima y colocaron garrafas vac\u00edas en la v\u00eda como medida de protesta. Una situaci\u00f3n similar se registr\u00f3 el viernes en el Cruce de Villas, tambi\u00e9n en La Paz.<br \/>\nAdem\u00e1s, hubo problemas de abastecimiento en la avenida Buenos Aires, de La Paz, y en la avenida Juan Pablo II, de El Alto.<br \/>\nEn Santa Cruz tambi\u00e9n se reportaron dificultades para conseguir GLP, aunque sin protestas ni bloqueos. Un informe de Unitel mostr\u00f3 largas filas de personas en un punto de venta ubicado en la avenida Santos Dumont, entre el sexto y s\u00e9ptimo anillo.<br \/>\nANH asegura que el suministro es normal<br \/>\nEl director distrital de la Agencia Nacional de Hidrocarburos de La Paz (ANH), Iv\u00e1n Colque, asegur\u00f3 que el suministro de GLP a los camiones distribuidores es normal y atribuy\u00f3 los problemas a un incremento en la demanda.<br \/>\n\u201cRecalcar a la poblaci\u00f3n que la distribuci\u00f3n, en este caso de GLP, est\u00e1 totalmente normal. Se est\u00e1 realizando, en el marco de nuestras atribuciones como ANH, el control correspondiente al despacho y volumen de GLP\u201d, dijo Colque esta ma\u00f1ana a medios de comunicaci\u00f3n.<br \/>\nIndic\u00f3 que la planta de Senkata ampli\u00f3 los horarios de despacho para garantizar el abastecimiento.<br \/>\n\u201cEl d\u00eda de hoy se tiene programado (despachar) alrededor de 53.150 garrafas de 10 kilogramos. Asimismo, hasta ahora (al promediar las 13:30) se han despachado alrededor de 50.000. Y, en vista del incremento de la demanda, lo que se ha realizado es ampliar el horario de distribuci\u00f3n correspondiente\u201d.<br \/>\nEn redes sociales y entre los vecinos circul\u00f3 la versi\u00f3n de que los camiones distribuidores enfrentaban dificultades para llegar a los puntos de venta debido a la escasez de combustible. Como medida preventiva, Colque inform\u00f3 que el viernes se destin\u00f3 una cisterna para abastecer con carburante a estos veh\u00edculos.<br \/>\nCrisis por combustible<br \/>\nLos problemas con la distribuci\u00f3n de GLP aumentan la preocupaci\u00f3n de la gente, ya afectada por la crisis ante la falta de combustible.<br \/>\nEste s\u00e1bado continuaban las largas filas de veh\u00edculos en los surtidores.<br \/>\nEl presidente, Luis Arce, confirm\u00f3 en sus redes sociales que esta ma\u00f1ana se inici\u00f3 la descarga de 47 millones de litros de gasolina del buque Feliks en la terminal mar\u00edtima de Sica Sica, en Arica.<br \/>\nEn ese lugar tambi\u00e9n se encuentran los buques Niblo, con 20 millones de litros de di\u00e9sel, y Pacific Moonstone, con 30 millones de litros de gasolina.<\/p>\n","protected":false},"excerpt":{"rendered":"<p>Por segundo d\u00eda consecutivo, vecinos protestaron en La Paz por la falta de gas licuado de petr\u00f3leo (GLP). Este s\u00e1bado hubo bloqueos en Villa F\u00e1tima y desabastecimiento en otras zonas. Varias personas interrumpieron esta ma\u00f1ana el tr\u00e1fico en la avenida Las Am\u00e9ricas, la principal de Villa F\u00e1tima y colocaron garrafas vac\u00edas en la v\u00eda como [&hellip;]<\/p>\n","protected":false},"author":1,"featured_media":2303,"comment_status":"","ping_status":"open","sticky":false,"template":"","format":"standard","meta":{"pagelayer_contact_templates":[],"_pagelayer_content":"","footnotes":""},"categories":[22],"tags":[],"class_list":{"0":"post-2302","1":"post","2":"type-post","3":"status-publish","4":"format-standard","5":"has-post-thumbnail","7":"category-social"},"_links":{"self":[{"href":"https:\/\/jms.com.bo\/mediamonitorbo\/wp-json\/wp\/v2\/posts\/2302","targetHints":{"allow":["GET"]}}],"collection":[{"href":"https:\/\/jms.com.bo\/mediamonitorbo\/wp-json\/wp\/v2\/posts"}],"about":[{"href":"https:\/\/jms.com.bo\/mediamonitorbo\/wp-json\/wp\/v2\/types\/post"}],"author":[{"embeddable":true,"href":"https:\/\/jms.com.bo\/mediamonitorbo\/wp-json\/wp\/v2\/users\/1"}],"replies":[{"embeddable":true,"href":"https:\/\/jms.com.bo\/mediamonitorbo\/wp-json\/wp\/v2\/comments?post=2302"}],"version-history":[{"count":0,"href":"https:\/\/jms.com.bo\/mediamonitorbo\/wp-json\/wp\/v2\/posts\/2302\/revisions"}],"wp:featuredmedia":[{"embeddable":true,"href":"https:\/\/jms.com.bo\/mediamonitorbo\/wp-json\/wp\/v2\/media\/2303"}],"wp:attachment":[{"href":"https:\/\/jms.com.bo\/mediamonitorbo\/wp-json\/wp\/v2\/media?parent=2302"}],"wp:term":[{"taxonomy":"category","embeddable":true,"href":"https:\/\/jms.com.bo\/mediamonitorbo\/wp-json\/wp\/v2\/categories?post=2302"},{"taxonomy":"post_tag","embeddable":true,"href":"https:\/\/jms.com.bo\/mediamonitorbo\/wp-json\/wp\/v2\/tags?post=2302"}],"curies":[{"name":"wp","href":"https:\/\/api.w.org\/{rel}","templated":true}]}}