{"id":2336,"date":"2025-03-14T06:48:30","date_gmt":"2025-03-14T10:48:30","guid":{"rendered":"https:\/\/jms.com.bo\/mediamonitorbo\/2025\/03\/14\/preven-activar-puente-aereo-el-fin-de-semana-para-abastecimiento-de-carne-de-pollo\/"},"modified":"2025-03-14T06:48:30","modified_gmt":"2025-03-14T10:48:30","slug":"preven-activar-puente-aereo-el-fin-de-semana-para-abastecimiento-de-carne-de-pollo","status":"publish","type":"post","link":"https:\/\/jms.com.bo\/mediamonitorbo\/2025\/03\/14\/preven-activar-puente-aereo-el-fin-de-semana-para-abastecimiento-de-carne-de-pollo\/","title":{"rendered":"Prev\u00e9n activar puente a\u00e9reo el fin de semana para abastecimiento de carne de pollo"},"content":{"rendered":"<p>Para el fin de semana, se prev\u00e9 activar un puente a\u00e9reo, principalmente, para abastecer de carne de pollo al mercado, luego que las lluvias provocaran problemas en las carreteras y en la log\u00edstica de traslado del producto, inform\u00f3 este jueves el ministro de Desarrollo Rural, Yamil Flores.<br \/>\n\u201cSeguramente el Ministerio de Desarrollo Productivo anunciar\u00e1 oficialmente si este fin de semana ya inicia el puente a\u00e9reo. El presidente Luis Arce ha instruido sobre (este puente a\u00e9reo) sobre todo con el producto de la carne de pollo\u201d, explic\u00f3.<br \/>\nArce instruy\u00f3 a su gabinete de ministros trabajar en un puente a\u00e9reo ante el problema de las carreteras por las lluvias, principalmente las que van hacia Cochabamba y Santa Cruz.<br \/>\n\u201cEl presidente Arce ha instruido con mucha claridad que nos dediquemos a que la producci\u00f3n y los productos lleguen al mercado interno, tenemos dificultades en los caminos (por las lluvias)\u201d, enfatiz\u00f3 Flores.<br \/>\nAl menos 4 sectores en la Red Vial Fundamental (RVF) est\u00e1n intransitables por efecto de las lluvias, uno de ellos el Sillarcito, a la altura del kil\u00f3metro 69, pr\u00f3ximo a la localidad de Llavini, del tramo Bombeo \u2013 Cochabamba.<br \/>\nEn ese sector, el tr\u00e1fico vehicular permanece cerrado debido a que contin\u00faan los trabajos de recuperaci\u00f3n de la plataforma que se desliz\u00f3 por efectos de las lluvias, seg\u00fan los datos de la Administradora Boliviana de Carreteras (ABC).<\/p>\n","protected":false},"excerpt":{"rendered":"<p>Para el fin de semana, se prev\u00e9 activar un puente a\u00e9reo, principalmente, para abastecer de carne de pollo al mercado, luego que las lluvias provocaran problemas en las carreteras y en la log\u00edstica de traslado del producto, inform\u00f3 este jueves el ministro de Desarrollo Rural, Yamil Flores. \u201cSeguramente el Ministerio de Desarrollo Productivo anunciar\u00e1 oficialmente [&hellip;]<\/p>\n","protected":false},"author":1,"featured_media":2337,"comment_status":"","ping_status":"open","sticky":false,"template":"","format":"standard","meta":{"pagelayer_contact_templates":[],"_pagelayer_content":"","footnotes":""},"categories":[21],"tags":[],"class_list":{"0":"post-2336","1":"post","2":"type-post","3":"status-publish","4":"format-standard","5":"has-post-thumbnail","7":"category-actualidad"},"_links":{"self":[{"href":"https:\/\/jms.com.bo\/mediamonitorbo\/wp-json\/wp\/v2\/posts\/2336","targetHints":{"allow":["GET"]}}],"collection":[{"href":"https:\/\/jms.com.bo\/mediamonitorbo\/wp-json\/wp\/v2\/posts"}],"about":[{"href":"https:\/\/jms.com.bo\/mediamonitorbo\/wp-json\/wp\/v2\/types\/post"}],"author":[{"embeddable":true,"href":"https:\/\/jms.com.bo\/mediamonitorbo\/wp-json\/wp\/v2\/users\/1"}],"replies":[{"embeddable":true,"href":"https:\/\/jms.com.bo\/mediamonitorbo\/wp-json\/wp\/v2\/comments?post=2336"}],"version-history":[{"count":0,"href":"https:\/\/jms.com.bo\/mediamonitorbo\/wp-json\/wp\/v2\/posts\/2336\/revisions"}],"wp:featuredmedia":[{"embeddable":true,"href":"https:\/\/jms.com.bo\/mediamonitorbo\/wp-json\/wp\/v2\/media\/2337"}],"wp:attachment":[{"href":"https:\/\/jms.com.bo\/mediamonitorbo\/wp-json\/wp\/v2\/media?parent=2336"}],"wp:term":[{"taxonomy":"category","embeddable":true,"href":"https:\/\/jms.com.bo\/mediamonitorbo\/wp-json\/wp\/v2\/categories?post=2336"},{"taxonomy":"post_tag","embeddable":true,"href":"https:\/\/jms.com.bo\/mediamonitorbo\/wp-json\/wp\/v2\/tags?post=2336"}],"curies":[{"name":"wp","href":"https:\/\/api.w.org\/{rel}","templated":true}]}}