{"id":2344,"date":"2025-03-14T06:42:29","date_gmt":"2025-03-14T10:42:29","guid":{"rendered":"https:\/\/jms.com.bo\/mediamonitorbo\/2025\/03\/14\/maestros-protestan-fuera-del-ministerio-de-educacion\/"},"modified":"2025-03-14T06:42:29","modified_gmt":"2025-03-14T10:42:29","slug":"maestros-protestan-fuera-del-ministerio-de-educacion","status":"publish","type":"post","link":"https:\/\/jms.com.bo\/mediamonitorbo\/2025\/03\/14\/maestros-protestan-fuera-del-ministerio-de-educacion\/","title":{"rendered":"Maestros protestan fuera del Ministerio de Educaci\u00f3n"},"content":{"rendered":"<p>Afiliados a la Confederaci\u00f3n de Trabajadores de Educaci\u00f3n Urbana de Bolivia (Cteub) protagonizaron un mitin de protesta y cerraron la avenida Arce por inmediaciones del Ministerio de Educaci\u00f3n, en demanda del cumplimiento a su pliego petitorio que lo entregaron a representantes de esa cartera de Estado.<br \/>\nExigen una soluci\u00f3n inmediata a la crisis econ\u00f3mica, incremento salarial acorde a la canasta familiar, \u00edtems de nueva creaci\u00f3n y jubilaci\u00f3n digan con el 100%, adem\u00e1s de respuestas a sus demandas. Asimismo, denuncian que no son escuchados por parte de las autoridades.<br \/>\nLos movilizados cerraron la avenida Arce, realizaron un mitin de protesta y entregaron un pliego de petici\u00f3n a las autoridades del Ministerio de Educaci\u00f3n.<br \/>\n\u201cLas carreteras est\u00e1n totalmente desatendidas, el sector hidrocarbur\u00edfero por (falta de combustible) ineficiencia, incapaz con colas y colas (\u2026) lo abandonadas que est\u00e1n las unidades educativas, sin servicios b\u00e1sicos, sin ventanas, sin mobiliarios y aparte de eso, aplicaron un reordenamiento hace un a\u00f1o a estudiantes, en un solo curso que van m\u00e1s de 30, 35 alumnos. En el oriente tenemos aulas con 50 estudiantes, en vez de decirnos vamos a descongestionar esto con m\u00e1s \u00edtems hasta ahora el ministro (de Educaci\u00f3n) no nos dice nada, no nos da la cara\u201d, se\u00f1al\u00f3 el ejecutivo de la Cteub, Patricio Molina.<br \/>\nAsegur\u00f3 que as\u00ed como est\u00e1 desatendido el sector hidrocarbur\u00edfero con el desabastecimiento de gasolina y di\u00e9sel y las carreteras del pa\u00eds, entre otros problemas; la educaci\u00f3n est\u00e1 totalmente desatendida, \u201cno s\u00e9 en qu\u00e9 demonios est\u00e1n pensando o qu\u00e9 andan haciendo los ministros de don Luis Arce Catacora\u201d.<br \/>\nLament\u00f3 que desde enero, que fue la \u00faltima reuni\u00f3n con el ministro de Educaci\u00f3n Omar Veliz, hasta la fecha no tuvieron respuesta sobre las demandas que hab\u00edan realizado y desconocen en qu\u00e9 qued\u00f3 el acuerdo, adem\u00e1s quieren discutir otros temas importantes para el sector con la autoridad ministerial.<\/p>\n","protected":false},"excerpt":{"rendered":"<p>Afiliados a la Confederaci\u00f3n de Trabajadores de Educaci\u00f3n Urbana de Bolivia (Cteub) protagonizaron un mitin de protesta y cerraron la avenida Arce por inmediaciones del Ministerio de Educaci\u00f3n, en demanda del cumplimiento a su pliego petitorio que lo entregaron a representantes de esa cartera de Estado. Exigen una soluci\u00f3n inmediata a la crisis econ\u00f3mica, incremento [&hellip;]<\/p>\n","protected":false},"author":1,"featured_media":2345,"comment_status":"","ping_status":"open","sticky":false,"template":"","format":"standard","meta":{"pagelayer_contact_templates":[],"_pagelayer_content":"","footnotes":""},"categories":[22],"tags":[],"class_list":{"0":"post-2344","1":"post","2":"type-post","3":"status-publish","4":"format-standard","5":"has-post-thumbnail","7":"category-social"},"_links":{"self":[{"href":"https:\/\/jms.com.bo\/mediamonitorbo\/wp-json\/wp\/v2\/posts\/2344","targetHints":{"allow":["GET"]}}],"collection":[{"href":"https:\/\/jms.com.bo\/mediamonitorbo\/wp-json\/wp\/v2\/posts"}],"about":[{"href":"https:\/\/jms.com.bo\/mediamonitorbo\/wp-json\/wp\/v2\/types\/post"}],"author":[{"embeddable":true,"href":"https:\/\/jms.com.bo\/mediamonitorbo\/wp-json\/wp\/v2\/users\/1"}],"replies":[{"embeddable":true,"href":"https:\/\/jms.com.bo\/mediamonitorbo\/wp-json\/wp\/v2\/comments?post=2344"}],"version-history":[{"count":0,"href":"https:\/\/jms.com.bo\/mediamonitorbo\/wp-json\/wp\/v2\/posts\/2344\/revisions"}],"wp:featuredmedia":[{"embeddable":true,"href":"https:\/\/jms.com.bo\/mediamonitorbo\/wp-json\/wp\/v2\/media\/2345"}],"wp:attachment":[{"href":"https:\/\/jms.com.bo\/mediamonitorbo\/wp-json\/wp\/v2\/media?parent=2344"}],"wp:term":[{"taxonomy":"category","embeddable":true,"href":"https:\/\/jms.com.bo\/mediamonitorbo\/wp-json\/wp\/v2\/categories?post=2344"},{"taxonomy":"post_tag","embeddable":true,"href":"https:\/\/jms.com.bo\/mediamonitorbo\/wp-json\/wp\/v2\/tags?post=2344"}],"curies":[{"name":"wp","href":"https:\/\/api.w.org\/{rel}","templated":true}]}}