{"id":2384,"date":"2025-03-13T06:51:16","date_gmt":"2025-03-13T10:51:16","guid":{"rendered":"https:\/\/jms.com.bo\/mediamonitorbo\/2025\/03\/13\/maestros-marcharon-por-aumento-salarial-e-items-y-exigieron-solucion-al-desayuno-escolar\/"},"modified":"2025-03-13T06:51:16","modified_gmt":"2025-03-13T10:51:16","slug":"maestros-marcharon-por-aumento-salarial-e-items-y-exigieron-solucion-al-desayuno-escolar","status":"publish","type":"post","link":"https:\/\/jms.com.bo\/mediamonitorbo\/2025\/03\/13\/maestros-marcharon-por-aumento-salarial-e-items-y-exigieron-solucion-al-desayuno-escolar\/","title":{"rendered":"Maestros marcharon por aumento salarial e \u00edtems y exigieron soluci\u00f3n al desayuno escolar"},"content":{"rendered":"<p>Cargando un ata\u00fad con el letrero \u00abLa educaci\u00f3n se nos muere\u00bb, los maestros urbanos de Santa Cruz salieron a las calles para exigir atenci\u00f3n a sus demandas, entre las cuales destacan el incremento salarial, la asignaci\u00f3n de nuevos \u00edtems y el cumplimiento en la dotaci\u00f3n del desayuno escolar.<br \/>\n\u00abLa educaci\u00f3n se est\u00e1 muriendo, porque todos los d\u00edas hay aumento de poblaci\u00f3n, pero no hay \u00edtems, no hay nivelaci\u00f3n de horas; los sueldos no alcanzan, y el gobierno no hace nada. Por eso tenemos estos ata\u00fades, porque la educaci\u00f3n est\u00e1 muriendo en el olvido de este gobierno incapaz\u00bb, se\u00f1alaba una maestra cuando la marcha llegaba a la plaza 24 de Septiembre.<br \/>\nCon pancartas en la mano, banderas y bocinas, los manifestantes recorrieron las calles del Casco Viejo. Aunque el tr\u00e1nsito se vio afectado, los profesores pidieron a la poblaci\u00f3n comprender la importancia de sus demandas. Adem\u00e1s, exigieron que la Alcald\u00eda de Santa Cruz garantice el desayuno escolar, una necesidad fundamental para el bienestar de los estudiantes.<br \/>\n\u00abLamentablemente las autoridades no responden a las demandas. Aqu\u00ed nos interesa que respondan a las necesidades del pueblo, no puede ser que no cumplan con los acuerdos; se est\u00e1 muriendo la educaci\u00f3n\u00bb, asever\u00f3 Osmar Cabrera, dirigente del sector en Santa Cruz.<br \/>\nCabrera destac\u00f3 que el salario de los maestros ha perdido poder adquisitivo, por lo que exigen un incremento que supere la inflaci\u00f3n. Tambi\u00e9n demand\u00f3 atenci\u00f3n a las necesidades educativas, incluyendo la entrega de \u00edtems y la garant\u00eda del desayuno escolar.<br \/>\nLa marcha lleg\u00f3 a las oficinas de la Direcci\u00f3n Departamental de Educaci\u00f3n, donde los maestros reiteraron sus demandas y, en se\u00f1al de protesta, algunos se crucificaron y encadenaron.<br \/>\nPor su parte, Nelson Alc\u00f3cer, director departamental de Educaci\u00f3n, indic\u00f3 que se reuni\u00f3 con los maestros urbanos y transmitir\u00e1 sus demandas al ministro del \u00e1rea.<br \/>\n\u201cLo importante es garantizar la continuidad de las labores educativas\u00bb, se\u00f1al\u00f3.<br \/>\nSimilar manifestaci\u00f3n se registr\u00f3 en otros departamentos del pa\u00eds, como Beni, La Paz y Pando.<br \/>\nEn La Paz, el magisterio urbano tambi\u00e9n protest\u00f3 en puertas del ministerio de Educaci\u00f3n.<br \/>\nPliego petitorio de los maestros:<br \/>\n1. Incremento salarial acorde a la canasta familiar.<br \/>\n2. Jubilaci\u00f3n digna con el 100%.<br \/>\n3. Nivelaci\u00f3n de horas.<br \/>\n4. 100 horas para el nivel inicial.<br \/>\n5. 100 horas para educaci\u00f3n alternativa.<br \/>\n6. 120 horas para educaci\u00f3n especial.<br \/>\n7. Ascenso autom\u00e1tico de categor\u00eda.<br \/>\n8. Categor\u00eda al m\u00e9rito para el sector administrativo.<br \/>\n9. Paralizaci\u00f3n del reordenamiento y fusi\u00f3n de cursos.<br \/>\n10. Garant\u00eda del desayuno escolar para todos los estudiantes.<\/p>\n","protected":false},"excerpt":{"rendered":"<p>Cargando un ata\u00fad con el letrero \u00abLa educaci\u00f3n se nos muere\u00bb, los maestros urbanos de Santa Cruz salieron a las calles para exigir atenci\u00f3n a sus demandas, entre las cuales destacan el incremento salarial, la asignaci\u00f3n de nuevos \u00edtems y el cumplimiento en la dotaci\u00f3n del desayuno escolar. \u00abLa educaci\u00f3n se est\u00e1 muriendo, porque todos [&hellip;]<\/p>\n","protected":false},"author":1,"featured_media":2385,"comment_status":"","ping_status":"open","sticky":false,"template":"","format":"standard","meta":{"pagelayer_contact_templates":[],"_pagelayer_content":"","footnotes":""},"categories":[22],"tags":[],"class_list":{"0":"post-2384","1":"post","2":"type-post","3":"status-publish","4":"format-standard","5":"has-post-thumbnail","7":"category-social"},"_links":{"self":[{"href":"https:\/\/jms.com.bo\/mediamonitorbo\/wp-json\/wp\/v2\/posts\/2384","targetHints":{"allow":["GET"]}}],"collection":[{"href":"https:\/\/jms.com.bo\/mediamonitorbo\/wp-json\/wp\/v2\/posts"}],"about":[{"href":"https:\/\/jms.com.bo\/mediamonitorbo\/wp-json\/wp\/v2\/types\/post"}],"author":[{"embeddable":true,"href":"https:\/\/jms.com.bo\/mediamonitorbo\/wp-json\/wp\/v2\/users\/1"}],"replies":[{"embeddable":true,"href":"https:\/\/jms.com.bo\/mediamonitorbo\/wp-json\/wp\/v2\/comments?post=2384"}],"version-history":[{"count":0,"href":"https:\/\/jms.com.bo\/mediamonitorbo\/wp-json\/wp\/v2\/posts\/2384\/revisions"}],"wp:featuredmedia":[{"embeddable":true,"href":"https:\/\/jms.com.bo\/mediamonitorbo\/wp-json\/wp\/v2\/media\/2385"}],"wp:attachment":[{"href":"https:\/\/jms.com.bo\/mediamonitorbo\/wp-json\/wp\/v2\/media?parent=2384"}],"wp:term":[{"taxonomy":"category","embeddable":true,"href":"https:\/\/jms.com.bo\/mediamonitorbo\/wp-json\/wp\/v2\/categories?post=2384"},{"taxonomy":"post_tag","embeddable":true,"href":"https:\/\/jms.com.bo\/mediamonitorbo\/wp-json\/wp\/v2\/tags?post=2384"}],"curies":[{"name":"wp","href":"https:\/\/api.w.org\/{rel}","templated":true}]}}