{"id":2404,"date":"2025-03-12T07:02:43","date_gmt":"2025-03-12T11:02:43","guid":{"rendered":"https:\/\/jms.com.bo\/mediamonitorbo\/2025\/03\/12\/gobierno-acusa-a-privados-de-querer-danar-a-ypfb-cainco-responde-no-trasladen-su-responsabilidad-a-otros\/"},"modified":"2025-03-12T07:02:43","modified_gmt":"2025-03-12T11:02:43","slug":"gobierno-acusa-a-privados-de-querer-danar-a-ypfb-cainco-responde-no-trasladen-su-responsabilidad-a-otros","status":"publish","type":"post","link":"https:\/\/jms.com.bo\/mediamonitorbo\/2025\/03\/12\/gobierno-acusa-a-privados-de-querer-danar-a-ypfb-cainco-responde-no-trasladen-su-responsabilidad-a-otros\/","title":{"rendered":"Gobierno acusa a privados de querer da\u00f1ar a YPFB; Cainco responde: \u201cNo trasladen su responsabilidad a otros\u201d"},"content":{"rendered":"<p>Siguen las repercusiones por la crisis energ\u00e9tica del pa\u00eds. El ministro de Defensa, Edmundo Novillo, asegur\u00f3 este martes que \u201cno es que no haya combustible, solo que disminuy\u00f3 el abastecimiento normal\u201d, descartando un desabastecimiento total. Adem\u00e1s, acus\u00f3 al sector empresarial cruce\u00f1o de querer matar a YPFB por exigir la libre importaci\u00f3n de combustible, sin ning\u00fan tipo de fiscalizaci\u00f3n.<br \/>\nNovillo defendi\u00f3 la aprobaci\u00f3n de cr\u00e9ditos internacionales, se\u00f1alando que estos generar\u00edan un flujo de d\u00f3lares en el Banco Central, recursos que permitir\u00edan pagar deudas y, eventualmente, comprar combustible.<br \/>\n\u201cMuchos intentan confundir a la ciudadan\u00eda diciendo que los cr\u00e9ditos no est\u00e1n destinados a la compra de combustibles. Eso es falso. No est\u00e1n espec\u00edficamente para eso, pero generan disponibilidad de d\u00f3lares que pueden usarse para este fin\u201d, explic\u00f3.<br \/>\nEl ministro critic\u00f3 el bloqueo de estos cr\u00e9ditos en la Asamblea Legislativa y advirti\u00f3 que la falta de estos recursos est\u00e1 afectando la econom\u00eda del pa\u00eds.<br \/>\n\u201cOtros pa\u00edses como Chile, Per\u00fa y Ecuador reciben d\u00f3lares por cr\u00e9ditos internacionales. Aqu\u00ed, en cambio, se los bloquea con fines pol\u00edticos, generando estrangulamiento econ\u00f3mico y afectando a la poblaci\u00f3n\u201d, afirm\u00f3.<br \/>\nCr\u00edticas al sector empresarial<br \/>\nNovillo tambi\u00e9n arremeti\u00f3 contra el sector empresarial, asegurando que busca debilitar a Yacimientos Petrol\u00edferos Fiscales Bolivianos (YPFB) con propuestas como la liberaci\u00f3n de importaciones y la eliminaci\u00f3n de la franja de precios. Seg\u00fan el ministro, estas medidas solo beneficiar\u00edan a empresarios privados y pondr\u00edan en riesgo la soberan\u00eda energ\u00e9tica del pa\u00eds.<br \/>\n\u201cNos est\u00e1n diciendo, de manera disimulada, que privaticemos el negocio de los hidrocarburos y eliminemos a YPFB. Lo que quieren es que el Estado abandone su rol en la compra, exploraci\u00f3n y explotaci\u00f3n de hidrocarburos para que el sector privado se apropie del negocio\u201d, dijo.<br \/>\nEl ministro record\u00f3 que, gracias a la nacionalizaci\u00f3n del gas, Bolivia pudo garantizar el subsidio a los combustibles, lo que benefici\u00f3 tanto a la poblaci\u00f3n como a los sectores productivos.<br \/>\n\u201cDurante a\u00f1os, los empresarios han recibido di\u00e9sel subvencionado para sus actividades y han logrado exportar sus productos con costos reducidos gracias a este beneficio\u201d, afirm\u00f3.<br \/>\nDesde el Gobierno se insiste en que cualquier modificaci\u00f3n en el modelo de gesti\u00f3n de los hidrocarburos podr\u00eda generar un impacto directo en los precios del combustible y en la estabilidad econ\u00f3mica del pa\u00eds.<br \/>\n\u201cSi se entrega el negocio del combustible al sector privado, \u00bfqu\u00e9 garant\u00edas hay de que mantendr\u00e1n precios accesibles? \u00bfO que priorizar\u00e1n el abastecimiento interno en lugar de sus propias ganancias?\u201d, cuestion\u00f3 Novillo.<br \/>\nRespuesta de Cainco<br \/>\nEn respuesta a estas declaraciones, la C\u00e1mara de Industria, Comercio, Servicios y Turismo de Santa Cruz (Cainco) rechaz\u00f3 las acusaciones del Gobierno y se\u00f1al\u00f3 que la crisis de combustibles es producto de la falta de planificaci\u00f3n estatal. \u201cNo se puede seguir trasladando la responsabilidad a otros actores cuando la falta de gobernabilidad es una constante\u201d, indic\u00f3 en un comunicado.<br \/>\nCainco tambi\u00e9n advirti\u00f3 que el pa\u00eds no puede seguir dependiendo \u00fanicamente de la importaci\u00f3n financiada con deuda externa, calificando esta estrategia como \u201cuna simple postergaci\u00f3n del problema\u201d.<br \/>\nLa organizaci\u00f3n empresarial reiter\u00f3 su demanda de permitir la libre importaci\u00f3n de combustibles para garantizar el abastecimiento interno y reducir la presi\u00f3n sobre la econom\u00eda nacional.<\/p>\n","protected":false},"excerpt":{"rendered":"<p>Siguen las repercusiones por la crisis energ\u00e9tica del pa\u00eds. El ministro de Defensa, Edmundo Novillo, asegur\u00f3 este martes que \u201cno es que no haya combustible, solo que disminuy\u00f3 el abastecimiento normal\u201d, descartando un desabastecimiento total. Adem\u00e1s, acus\u00f3 al sector empresarial cruce\u00f1o de querer matar a YPFB por exigir la libre importaci\u00f3n de combustible, sin ning\u00fan [&hellip;]<\/p>\n","protected":false},"author":1,"featured_media":2405,"comment_status":"","ping_status":"open","sticky":false,"template":"","format":"standard","meta":{"pagelayer_contact_templates":[],"_pagelayer_content":"","footnotes":""},"categories":[19,29,24],"tags":[],"class_list":{"0":"post-2404","1":"post","2":"type-post","3":"status-publish","4":"format-standard","5":"has-post-thumbnail","7":"category-economia","8":"category-portada-economia","9":"category-portada-general-sitio"},"_links":{"self":[{"href":"https:\/\/jms.com.bo\/mediamonitorbo\/wp-json\/wp\/v2\/posts\/2404","targetHints":{"allow":["GET"]}}],"collection":[{"href":"https:\/\/jms.com.bo\/mediamonitorbo\/wp-json\/wp\/v2\/posts"}],"about":[{"href":"https:\/\/jms.com.bo\/mediamonitorbo\/wp-json\/wp\/v2\/types\/post"}],"author":[{"embeddable":true,"href":"https:\/\/jms.com.bo\/mediamonitorbo\/wp-json\/wp\/v2\/users\/1"}],"replies":[{"embeddable":true,"href":"https:\/\/jms.com.bo\/mediamonitorbo\/wp-json\/wp\/v2\/comments?post=2404"}],"version-history":[{"count":0,"href":"https:\/\/jms.com.bo\/mediamonitorbo\/wp-json\/wp\/v2\/posts\/2404\/revisions"}],"wp:featuredmedia":[{"embeddable":true,"href":"https:\/\/jms.com.bo\/mediamonitorbo\/wp-json\/wp\/v2\/media\/2405"}],"wp:attachment":[{"href":"https:\/\/jms.com.bo\/mediamonitorbo\/wp-json\/wp\/v2\/media?parent=2404"}],"wp:term":[{"taxonomy":"category","embeddable":true,"href":"https:\/\/jms.com.bo\/mediamonitorbo\/wp-json\/wp\/v2\/categories?post=2404"},{"taxonomy":"post_tag","embeddable":true,"href":"https:\/\/jms.com.bo\/mediamonitorbo\/wp-json\/wp\/v2\/tags?post=2404"}],"curies":[{"name":"wp","href":"https:\/\/api.w.org\/{rel}","templated":true}]}}