{"id":2412,"date":"2025-03-12T06:57:33","date_gmt":"2025-03-12T10:57:33","guid":{"rendered":"https:\/\/jms.com.bo\/mediamonitorbo\/2025\/03\/12\/organo-judicial-declara-emergencia-presupuestaria-y-exige-mayor-financiamiento-al-gobierno\/"},"modified":"2025-03-12T06:57:33","modified_gmt":"2025-03-12T10:57:33","slug":"organo-judicial-declara-emergencia-presupuestaria-y-exige-mayor-financiamiento-al-gobierno","status":"publish","type":"post","link":"https:\/\/jms.com.bo\/mediamonitorbo\/2025\/03\/12\/organo-judicial-declara-emergencia-presupuestaria-y-exige-mayor-financiamiento-al-gobierno\/","title":{"rendered":"\u00d3rgano Judicial declara emergencia presupuestaria y exige mayor financiamiento al Gobierno"},"content":{"rendered":"<p>El Tribunal Supremo de Justicia (TSJ), el Consejo de la Magistratura (CM) y el Tribunal Agroambiental (TA) se declararon en emergencia presupuestaria ante la falta de recursos suficientes para el funcionamiento del sistema judicial en Bolivia. Las autoridades judiciales advierten que, sin un incremento de recursos, es inviable avanzar en una reforma judicial efectiva.<br \/>\nEl presidente del TSJ, Romer Saucedo, explic\u00f3 que este a\u00f1o el \u00d3rgano Judicial enfrenta un recorte de 140 millones de bolivianos en comparaci\u00f3n con la gesti\u00f3n anterior. Esta reducci\u00f3n impide la contrataci\u00f3n de personal eventual y consultores, lo que afecta directamente la atenci\u00f3n a los litigantes.<br \/>\n\u201cEs irresponsable hablar de reforma judicial o de la creaci\u00f3n de nuevos juzgados si ni siquiera contamos con el personal necesario para garantizar el funcionamiento del sistema de justicia\u201d, afirm\u00f3 Saucedo.<br \/>\nEn el marco de la reuni\u00f3n de la Comisi\u00f3n 898, instancia encargada del seguimiento a la Cumbre Judicial y que integra tambi\u00e9n al Ejecutivo, los magistrados presentaron su demanda presupuestaria. Sin embargo, al no obtener una respuesta satisfactoria, decidieron retirarse de la comisi\u00f3n.<br \/>\n\u201cHemos tomado la determinaci\u00f3n de apartarnos de la Comisi\u00f3n 898 porque no vemos un compromiso real con la administraci\u00f3n de justicia. Si esta postura no cambia, no participaremos en futuras convocatorias, ya que consideramos que esta instancia ha agotado su ciclo\u201d, se\u00f1alaron en un pronunciamiento conjunto.<br \/>\nLas autoridades judiciales tambi\u00e9n hicieron un llamado al presidente Luis Arce para que intervenga y brinde una soluci\u00f3n a la crisis presupuestaria del \u00d3rgano Judicial.<br \/>\nFalta de recursos afecta la independencia<br \/>\nEl presidente del Consejo de la Magistratura, Manuel Baptista, insisti\u00f3 en que el presupuesto destinado a la justicia debe representar al menos el 3% del Presupuesto General del Estado, como establece la normativa vigente. Sin embargo, actualmente no alcanza ni el 1%, lo que genera problemas operativos y vulnera la independencia del sistema judicial.<br \/>\n\u201cLa falta de recursos no solo limita la operatividad de los tribunales, sino que tambi\u00e9n compromete la autonom\u00eda judicial, un principio fundamental para la democracia\u201d, enfatiz\u00f3 Baptista.<br \/>\nPor su parte, Saucedo record\u00f3 que la crisis financiera del \u00d3rgano Judicial gener\u00f3 retrasos en la creaci\u00f3n de juzgados, falta de personal y un incremento en los tiempos de atenci\u00f3n a los litigantes.<\/p>\n","protected":false},"excerpt":{"rendered":"<p>El Tribunal Supremo de Justicia (TSJ), el Consejo de la Magistratura (CM) y el Tribunal Agroambiental (TA) se declararon en emergencia presupuestaria ante la falta de recursos suficientes para el funcionamiento del sistema judicial en Bolivia. Las autoridades judiciales advierten que, sin un incremento de recursos, es inviable avanzar en una reforma judicial efectiva. El [&hellip;]<\/p>\n","protected":false},"author":1,"featured_media":2413,"comment_status":"","ping_status":"open","sticky":false,"template":"","format":"standard","meta":{"pagelayer_contact_templates":[],"_pagelayer_content":"","footnotes":""},"categories":[20,24,30],"tags":[],"class_list":{"0":"post-2412","1":"post","2":"type-post","3":"status-publish","4":"format-standard","5":"has-post-thumbnail","7":"category-politica","8":"category-portada-general-sitio","9":"category-portada-politica"},"_links":{"self":[{"href":"https:\/\/jms.com.bo\/mediamonitorbo\/wp-json\/wp\/v2\/posts\/2412","targetHints":{"allow":["GET"]}}],"collection":[{"href":"https:\/\/jms.com.bo\/mediamonitorbo\/wp-json\/wp\/v2\/posts"}],"about":[{"href":"https:\/\/jms.com.bo\/mediamonitorbo\/wp-json\/wp\/v2\/types\/post"}],"author":[{"embeddable":true,"href":"https:\/\/jms.com.bo\/mediamonitorbo\/wp-json\/wp\/v2\/users\/1"}],"replies":[{"embeddable":true,"href":"https:\/\/jms.com.bo\/mediamonitorbo\/wp-json\/wp\/v2\/comments?post=2412"}],"version-history":[{"count":0,"href":"https:\/\/jms.com.bo\/mediamonitorbo\/wp-json\/wp\/v2\/posts\/2412\/revisions"}],"wp:featuredmedia":[{"embeddable":true,"href":"https:\/\/jms.com.bo\/mediamonitorbo\/wp-json\/wp\/v2\/media\/2413"}],"wp:attachment":[{"href":"https:\/\/jms.com.bo\/mediamonitorbo\/wp-json\/wp\/v2\/media?parent=2412"}],"wp:term":[{"taxonomy":"category","embeddable":true,"href":"https:\/\/jms.com.bo\/mediamonitorbo\/wp-json\/wp\/v2\/categories?post=2412"},{"taxonomy":"post_tag","embeddable":true,"href":"https:\/\/jms.com.bo\/mediamonitorbo\/wp-json\/wp\/v2\/tags?post=2412"}],"curies":[{"name":"wp","href":"https:\/\/api.w.org\/{rel}","templated":true}]}}