{"id":2420,"date":"2025-03-12T06:52:52","date_gmt":"2025-03-12T10:52:52","guid":{"rendered":"https:\/\/jms.com.bo\/mediamonitorbo\/2025\/03\/12\/alcaldes-de-bolivia-dan-plazo-al-legislativo-para-aprobar-creditos-por-us-325-millones-para-emergencias\/"},"modified":"2025-03-12T06:52:52","modified_gmt":"2025-03-12T10:52:52","slug":"alcaldes-de-bolivia-dan-plazo-al-legislativo-para-aprobar-creditos-por-us-325-millones-para-emergencias","status":"publish","type":"post","link":"https:\/\/jms.com.bo\/mediamonitorbo\/2025\/03\/12\/alcaldes-de-bolivia-dan-plazo-al-legislativo-para-aprobar-creditos-por-us-325-millones-para-emergencias\/","title":{"rendered":"Alcaldes de Bolivia dan plazo al Legislativo para aprobar cr\u00e9ditos por $us 325 millones para emergencias"},"content":{"rendered":"<p>Alcaldes de los diferentes municipios de Bolivia dieron este martes un plazo de 15 d\u00edas a la Asamblea Legislativa Plurinacional (ALP), para tratar y aprobar los cr\u00e9ditos bloqueados por $us 325 millones destinados a atender emergencias por desastres naturales.<br \/>\n\u201cManifestamos p\u00fablicamente, ante el rechazo de la Asamblea Legislativa Plurinacional, ante el bloqueo de estos importantes cr\u00e9ditos, que, de manera inmediata puedan aprobar estos cr\u00e9ditos para atender con prioridad los desastres naturales que est\u00e1n viviendo las familias bolivianas. Estamos dando un plazo de 15 d\u00edas para que puedan aprobar\u201d, afirm\u00f3 la alcaldesa de Teoponte y presidenta de la Asociaci\u00f3n de Gobiernos Aut\u00f3nomos Municipales del Departamento de La Paz (Agamdepaz), Neusa Coca, a nombre de los mun\u00edcipes.<br \/>\nCaso contrario se tomar\u00e1 decisiones pac\u00edficas de exigencia p\u00fablica ante las puertas del Legislativo, considerando tambi\u00e9n que se ve a algunos diputados y senadores haciendo campa\u00f1a electoral e incumpliendo su trabajo, advirti\u00f3.<br \/>\n\u201cDamos 15 d\u00edas para que puedan tratar y aprobar estas leyes que nos van a ayudar a los gobiernos municipales\u201d, afirm\u00f3, por su parte, el alcalde de Tiwanaku y presidente de la Federaci\u00f3n de Asociaciones Municipales (FAM) \u2013 Bolivia, Flavio Merlo.<br \/>\nLos alcaldes est\u00e1n preocupados y en estado de emergencia, por los \u201ctremendos desastres\u201d que ocurrieron en el pa\u00eds a ra\u00edz de las precipitaciones pluviales en demas\u00eda en estos \u00faltimos tiempos.<br \/>\n\u201cDesde enero hasta la fecha las intensas precipitaciones pluviales provocaron varios desbordes de r\u00edos, ocasionando inundaciones, afectando a terrenos, casas y caminos vecinales en cada uno de los departamentos y municipios (\u2026) As\u00ed tambi\u00e9n los servicios b\u00e1sicos, energ\u00eda, agua potable, alcantarillado, telefon\u00eda, internet, incluso afectando vidas humanas\u201d, agreg\u00f3 Coca.<br \/>\nEn tanto, el ministro de Planificaci\u00f3n del Desarrollo, Sergio Cusicanqui, indic\u00f3 que a la fecha son 105 municipios afectados por inundaciones, 45 municipios se declararon en emergencia y\/o desastre, y m\u00e1s de 164.000 familias fueron damnificadas y\/o afectadas.<br \/>\n\u201cSe est\u00e1n agotando los esfuerzos desde el Viceministerio de Defensa Civil y de todo el Gobierno nacional para brindar atenci\u00f3n oportuna a las familias bolivianas afectadas, pero claramente estar\u00edamos en mejores condiciones si es que se trataran y se aprobaran dos importantes proyectos de ley que est\u00e1n ahora en la Asamblea Legislativa Plurinacional\u201d, puntualiz\u00f3.<br \/>\nSe trata de los proyectos de ley de cr\u00e9ditos de $us 75 millones de la Corporaci\u00f3n Andina de Fomento (CAF) y de $us 250 millones del Banco Interamericano de Desarrollo (BID).<br \/>\n\u201cEsperamos que puedan tratarse a la brevedad posible, porque los efectos de los fen\u00f3menos climatol\u00f3gicos est\u00e1n siendo cada vez m\u00e1s severos, m\u00e1s graves y m\u00e1s intensos en nuestro pa\u00eds. Instamos a la Asamblea a poner en primera instancia y por sobre todas las cosas el compromiso con el pueblo boliviano\u201d, exhort\u00f3 el ministro.<br \/>\nDijo que ning\u00fan inter\u00e9s pol\u00edtico, particular o de grupo, puede sacrificar al pueblo boliviano. Desde hace meses, hay diferentes cr\u00e9ditos pendientes de tratamiento en el Legislativo, que suman m\u00e1s de $us 1.600 millones.<\/p>\n","protected":false},"excerpt":{"rendered":"<p>Alcaldes de los diferentes municipios de Bolivia dieron este martes un plazo de 15 d\u00edas a la Asamblea Legislativa Plurinacional (ALP), para tratar y aprobar los cr\u00e9ditos bloqueados por $us 325 millones destinados a atender emergencias por desastres naturales. \u201cManifestamos p\u00fablicamente, ante el rechazo de la Asamblea Legislativa Plurinacional, ante el bloqueo de estos importantes [&hellip;]<\/p>\n","protected":false},"author":1,"featured_media":2421,"comment_status":"","ping_status":"open","sticky":false,"template":"","format":"standard","meta":{"pagelayer_contact_templates":[],"_pagelayer_content":"","footnotes":""},"categories":[21],"tags":[],"class_list":{"0":"post-2420","1":"post","2":"type-post","3":"status-publish","4":"format-standard","5":"has-post-thumbnail","7":"category-actualidad"},"_links":{"self":[{"href":"https:\/\/jms.com.bo\/mediamonitorbo\/wp-json\/wp\/v2\/posts\/2420","targetHints":{"allow":["GET"]}}],"collection":[{"href":"https:\/\/jms.com.bo\/mediamonitorbo\/wp-json\/wp\/v2\/posts"}],"about":[{"href":"https:\/\/jms.com.bo\/mediamonitorbo\/wp-json\/wp\/v2\/types\/post"}],"author":[{"embeddable":true,"href":"https:\/\/jms.com.bo\/mediamonitorbo\/wp-json\/wp\/v2\/users\/1"}],"replies":[{"embeddable":true,"href":"https:\/\/jms.com.bo\/mediamonitorbo\/wp-json\/wp\/v2\/comments?post=2420"}],"version-history":[{"count":0,"href":"https:\/\/jms.com.bo\/mediamonitorbo\/wp-json\/wp\/v2\/posts\/2420\/revisions"}],"wp:featuredmedia":[{"embeddable":true,"href":"https:\/\/jms.com.bo\/mediamonitorbo\/wp-json\/wp\/v2\/media\/2421"}],"wp:attachment":[{"href":"https:\/\/jms.com.bo\/mediamonitorbo\/wp-json\/wp\/v2\/media?parent=2420"}],"wp:term":[{"taxonomy":"category","embeddable":true,"href":"https:\/\/jms.com.bo\/mediamonitorbo\/wp-json\/wp\/v2\/categories?post=2420"},{"taxonomy":"post_tag","embeddable":true,"href":"https:\/\/jms.com.bo\/mediamonitorbo\/wp-json\/wp\/v2\/tags?post=2420"}],"curies":[{"name":"wp","href":"https:\/\/api.w.org\/{rel}","templated":true}]}}