{"id":2426,"date":"2025-03-12T06:48:26","date_gmt":"2025-03-12T10:48:26","guid":{"rendered":"https:\/\/jms.com.bo\/mediamonitorbo\/2025\/03\/12\/maestros-urbanos-marchan-este-miercoles-para-exigir-incremento-salarial\/"},"modified":"2025-03-12T06:48:26","modified_gmt":"2025-03-12T10:48:26","slug":"maestros-urbanos-marchan-este-miercoles-para-exigir-incremento-salarial","status":"publish","type":"post","link":"https:\/\/jms.com.bo\/mediamonitorbo\/2025\/03\/12\/maestros-urbanos-marchan-este-miercoles-para-exigir-incremento-salarial\/","title":{"rendered":"Maestros urbanos marchan este mi\u00e9rcoles para exigir incremento salarial"},"content":{"rendered":"<p>Los maestros urbanos de Santa Cruz han convocado una marcha este mi\u00e9rcoles 12 de marzo, exigiendo un incremento salarial que permita enfrentar la inflaci\u00f3n y las dificultades econ\u00f3micas actuales. La manifestaci\u00f3n comenzar\u00e1 con una asamblea en el Colegio Nacional Florida, ubicado en la calle Ren\u00e9 Moreno de la capital cruce\u00f1a, desde donde los docentes partir\u00e1n en protesta.<br \/>\nOsmar Cabrera, secretario ejecutivo de los docentes urbanos cruce\u00f1os, dej\u00f3 en claro que, si el Gobierno central no responde a sus demandas, no se descarta la posibilidad de un paro de actividades.<br \/>\n\u201cEstamos viviendo una crisis econ\u00f3mica que afecta a todos los sectores, y el magisterio no es la excepci\u00f3n. Exigimos un incremento salarial que recupere el valor adquisitivo de nuestros sueldos, ya que ha disminuido considerablemente\u201d, expres\u00f3 Cabrera.<br \/>\nEn una reuni\u00f3n celebrada el pasado s\u00e1bado, los maestros decidieron llevar a cabo esta marcha en defensa de sus derechos salariales y por una mejor calidad educativa. Adem\u00e1s, Cabrera critic\u00f3 la falta de transparencia de las autoridades departamentales y nacionales, quienes a\u00fan no han proporcionado informaci\u00f3n sobre los recursos destinados a la educaci\u00f3n en el departamento de Santa Cruz.<br \/>\nLos maestros tambi\u00e9n se\u00f1alaron la falta de suministro de desayuno escolar, una situaci\u00f3n que a\u00fan afecta a los estudiantes, y exigieron una pronta soluci\u00f3n.<br \/>\nEn cuanto a la dotaci\u00f3n de \u00edtems, Cabrera mencion\u00f3 que existe una deficiencia de aproximadamente 2.500 \u00edtems entre docentes y personal administrativo en Santa Cruz. \u201cEste recorte presupuestario solo busca afectar la calidad educativa, y no lo vamos a permitir\u201d, afirm\u00f3.<br \/>\nEl dirigente recalc\u00f3 que el magisterio continuar\u00e1 luchando por un presupuesto educativo suficiente y por la nivelaci\u00f3n horaria de los docentes de diferentes modalidades.<br \/>\n\u00abNo estamos pidiendo un favor, estamos defendiendo la educaci\u00f3n p\u00fablica y a nuestros estudiantes\u00bb, subray\u00f3 Cabrera. En caso de no obtener una respuesta positiva del Gobierno, los maestros advirtieron que las movilizaciones seguir\u00e1n y las medidas de presi\u00f3n se intensificar\u00e1n.<br \/>\n\u201cEste es solo el inicio. Vamos a estar en las calles, y si no hay respuestas, se vienen d\u00edas m\u00e1s dif\u00edciles. Exigimos una educaci\u00f3n de calidad, con recursos suficientes para nuestros ni\u00f1os y j\u00f3venes\u201d, concluy\u00f3 Cabrera.<\/p>\n","protected":false},"excerpt":{"rendered":"<p>Los maestros urbanos de Santa Cruz han convocado una marcha este mi\u00e9rcoles 12 de marzo, exigiendo un incremento salarial que permita enfrentar la inflaci\u00f3n y las dificultades econ\u00f3micas actuales. La manifestaci\u00f3n comenzar\u00e1 con una asamblea en el Colegio Nacional Florida, ubicado en la calle Ren\u00e9 Moreno de la capital cruce\u00f1a, desde donde los docentes partir\u00e1n [&hellip;]<\/p>\n","protected":false},"author":1,"featured_media":2427,"comment_status":"","ping_status":"open","sticky":false,"template":"","format":"standard","meta":{"pagelayer_contact_templates":[],"_pagelayer_content":"","footnotes":""},"categories":[22],"tags":[],"class_list":{"0":"post-2426","1":"post","2":"type-post","3":"status-publish","4":"format-standard","5":"has-post-thumbnail","7":"category-social"},"_links":{"self":[{"href":"https:\/\/jms.com.bo\/mediamonitorbo\/wp-json\/wp\/v2\/posts\/2426","targetHints":{"allow":["GET"]}}],"collection":[{"href":"https:\/\/jms.com.bo\/mediamonitorbo\/wp-json\/wp\/v2\/posts"}],"about":[{"href":"https:\/\/jms.com.bo\/mediamonitorbo\/wp-json\/wp\/v2\/types\/post"}],"author":[{"embeddable":true,"href":"https:\/\/jms.com.bo\/mediamonitorbo\/wp-json\/wp\/v2\/users\/1"}],"replies":[{"embeddable":true,"href":"https:\/\/jms.com.bo\/mediamonitorbo\/wp-json\/wp\/v2\/comments?post=2426"}],"version-history":[{"count":0,"href":"https:\/\/jms.com.bo\/mediamonitorbo\/wp-json\/wp\/v2\/posts\/2426\/revisions"}],"wp:featuredmedia":[{"embeddable":true,"href":"https:\/\/jms.com.bo\/mediamonitorbo\/wp-json\/wp\/v2\/media\/2427"}],"wp:attachment":[{"href":"https:\/\/jms.com.bo\/mediamonitorbo\/wp-json\/wp\/v2\/media?parent=2426"}],"wp:term":[{"taxonomy":"category","embeddable":true,"href":"https:\/\/jms.com.bo\/mediamonitorbo\/wp-json\/wp\/v2\/categories?post=2426"},{"taxonomy":"post_tag","embeddable":true,"href":"https:\/\/jms.com.bo\/mediamonitorbo\/wp-json\/wp\/v2\/tags?post=2426"}],"curies":[{"name":"wp","href":"https:\/\/api.w.org\/{rel}","templated":true}]}}