{"id":2440,"date":"2025-03-11T07:13:00","date_gmt":"2025-03-11T11:13:00","guid":{"rendered":"https:\/\/jms.com.bo\/mediamonitorbo\/2025\/03\/11\/reiteran-que-caida-de-produccion-de-hidrocarburos-se-debe-al-descuido-de-la-nacionalizacion\/"},"modified":"2025-03-11T07:13:00","modified_gmt":"2025-03-11T11:13:00","slug":"reiteran-que-caida-de-produccion-de-hidrocarburos-se-debe-al-descuido-de-la-nacionalizacion","status":"publish","type":"post","link":"https:\/\/jms.com.bo\/mediamonitorbo\/2025\/03\/11\/reiteran-que-caida-de-produccion-de-hidrocarburos-se-debe-al-descuido-de-la-nacionalizacion\/","title":{"rendered":"Reiteran que ca\u00edda de producci\u00f3n de hidrocarburos se debe al descuido de la nacionalizaci\u00f3n"},"content":{"rendered":"<p>La ministra de la Presidencia, Mar\u00eda Nela Prada, reiter\u00f3 que la ca\u00edda de producci\u00f3n de gas y petr\u00f3leo en el pa\u00eds se debe a que se descuid\u00f3 la nacionalizaci\u00f3n en el gobierno de Evo Morales; sin embargo, en la gesti\u00f3n de Luis Arce se tiene activado un plan \u201cagresivo de exploraci\u00f3n y explotaci\u00f3n\u201d.<br \/>\n\u201cNo se cuid\u00f3 la nacionalizaci\u00f3n en a\u00f1os pasados, en gestiones de gobiernos pasados; y por lo tanto, podemos ver que empieza a caer dr\u00e1sticamente la producci\u00f3n tanto de petr\u00f3leo, como de gas en nuestro pa\u00eds\u201d, reiter\u00f3 la autoridad el domingo en conferencia de prensa.<br \/>\nLa ministra record\u00f3 que la producci\u00f3n de gas natural y de petr\u00f3leo cay\u00f3 desde el a\u00f1o 2014.<br \/>\n\u201cComo lo explic\u00f3 nuestro presidente (Luis Arce) y las autoridades competentes del \u00e1rea, esto se debe a que lamentablemente no se cuid\u00f3 la nacionalizaci\u00f3n que es algo que no quieren reconocer, que es algo que no quieren explicar a la poblaci\u00f3n\u201d, lament\u00f3.<br \/>\nLa autoridad resalt\u00f3 que ante ese problema, el gobierno de Arce aplica \u201cmedidas estructurales\u201d vinculadas a un \u201cplan agresivo\u201d de exploraci\u00f3n y explotaci\u00f3n de hidrocarburos en el territorio nacional.<br \/>\nEl pasado mes, Yacimientos Petrol\u00edferos Fiscales Bolivianos (YPFB) y las empresas operadoras programaron para la presente gesti\u00f3n, en el sector hidrocarburos, un presupuesto de $us 703,7 millones, recursos econ\u00f3micos que priorizar\u00e1n las actividades de exploraci\u00f3n y explotaci\u00f3n (Upstream), en la perspectiva de incrementar y reponer reservas hidrocarbur\u00edferas.<br \/>\nAsimismo, el ministro de Hidrocarburos y Energ\u00edas, Alejandro Gallardo, afirm\u00f3 que en 2024 la inversi\u00f3n en exploraci\u00f3n de hidrocarburos en el pa\u00eds alcanz\u00f3 a $us 138 millones con el objetivo de incrementar la producci\u00f3n del sector.<\/p>\n","protected":false},"excerpt":{"rendered":"<p>La ministra de la Presidencia, Mar\u00eda Nela Prada, reiter\u00f3 que la ca\u00edda de producci\u00f3n de gas y petr\u00f3leo en el pa\u00eds se debe a que se descuid\u00f3 la nacionalizaci\u00f3n en el gobierno de Evo Morales; sin embargo, en la gesti\u00f3n de Luis Arce se tiene activado un plan \u201cagresivo de exploraci\u00f3n y explotaci\u00f3n\u201d. \u201cNo se [&hellip;]<\/p>\n","protected":false},"author":1,"featured_media":2441,"comment_status":"","ping_status":"open","sticky":false,"template":"","format":"standard","meta":{"pagelayer_contact_templates":[],"_pagelayer_content":"","footnotes":""},"categories":[23,17],"tags":[],"class_list":{"0":"post-2440","1":"post","2":"type-post","3":"status-publish","4":"format-standard","5":"has-post-thumbnail","7":"category-bolivia","8":"category-oil-gas"},"_links":{"self":[{"href":"https:\/\/jms.com.bo\/mediamonitorbo\/wp-json\/wp\/v2\/posts\/2440","targetHints":{"allow":["GET"]}}],"collection":[{"href":"https:\/\/jms.com.bo\/mediamonitorbo\/wp-json\/wp\/v2\/posts"}],"about":[{"href":"https:\/\/jms.com.bo\/mediamonitorbo\/wp-json\/wp\/v2\/types\/post"}],"author":[{"embeddable":true,"href":"https:\/\/jms.com.bo\/mediamonitorbo\/wp-json\/wp\/v2\/users\/1"}],"replies":[{"embeddable":true,"href":"https:\/\/jms.com.bo\/mediamonitorbo\/wp-json\/wp\/v2\/comments?post=2440"}],"version-history":[{"count":0,"href":"https:\/\/jms.com.bo\/mediamonitorbo\/wp-json\/wp\/v2\/posts\/2440\/revisions"}],"wp:featuredmedia":[{"embeddable":true,"href":"https:\/\/jms.com.bo\/mediamonitorbo\/wp-json\/wp\/v2\/media\/2441"}],"wp:attachment":[{"href":"https:\/\/jms.com.bo\/mediamonitorbo\/wp-json\/wp\/v2\/media?parent=2440"}],"wp:term":[{"taxonomy":"category","embeddable":true,"href":"https:\/\/jms.com.bo\/mediamonitorbo\/wp-json\/wp\/v2\/categories?post=2440"},{"taxonomy":"post_tag","embeddable":true,"href":"https:\/\/jms.com.bo\/mediamonitorbo\/wp-json\/wp\/v2\/tags?post=2440"}],"curies":[{"name":"wp","href":"https:\/\/api.w.org\/{rel}","templated":true}]}}