{"id":2446,"date":"2025-03-11T07:03:03","date_gmt":"2025-03-11T11:03:03","guid":{"rendered":"https:\/\/jms.com.bo\/mediamonitorbo\/2025\/03\/11\/en-dos-meses-la-inflacion-acumulada-del-ano-alcanzo-43-de-la-proyeccion-gubernamental\/"},"modified":"2025-03-11T07:03:03","modified_gmt":"2025-03-11T11:03:03","slug":"en-dos-meses-la-inflacion-acumulada-del-ano-alcanzo-43-de-la-proyeccion-gubernamental","status":"publish","type":"post","link":"https:\/\/jms.com.bo\/mediamonitorbo\/2025\/03\/11\/en-dos-meses-la-inflacion-acumulada-del-ano-alcanzo-43-de-la-proyeccion-gubernamental\/","title":{"rendered":"En dos meses, la inflaci\u00f3n acumulada del a\u00f1o alcanz\u00f3 43% de la proyecci\u00f3n gubernamental"},"content":{"rendered":"<p>La inflaci\u00f3n acumulada a febrero de 3,23% ya alcanz\u00f3 el 43% de la proyecci\u00f3n que hizo el Gobierno en el Presupuesto General del Estado (PGE) para toda la gesti\u00f3n 2025, que es de 7,5%.<br \/>\nEste lunes, el Instituto Nacional de Estad\u00edstica (INE) inform\u00f3 present\u00f3 el \u00cdndice de Precios al Consumidor (IPC) del mes de febrero. Pese a que la inflaci\u00f3n fue 0,69 puntos porcentuales menor a la registrada en enero, la tasa de inflaci\u00f3n acumulada lleg\u00f3 a 3,24% en apenas dos meses.<br \/>\nSeg\u00fan c\u00e1lculos del presidente del Colegio de Economistas de Tarija, Luis Fernando Romero, la inflaci\u00f3n acumulada en solos dos meses del a\u00f1o ya super\u00f3 el 40% de las proyecciones del Gobierno, lo que hace prever que superar\u00e1 el 7,5%.<br \/>\nInflaci\u00f3n<br \/>\nAsimismo, indic\u00f3 que la inflaci\u00f3n de febrero de este a\u00f1o es 6,31 puntos porcentuales m\u00e1s alta que la del mismo mes del a\u00f1o pasado y la m\u00e1s elevada de los \u00faltimos 14 a\u00f1os.<br \/>\n\u201cLa inflaci\u00f3n amulada es 3,24% y es 11,26 veces m\u00e1s alta que la de 2024 y la m\u00e1s alta en los \u00faltimos 17 a\u00f1os, desde 2009, y con ese dato ya se lleg\u00f3 al 43% de la meta gubernamental de 7,5% para este a\u00f1o\u201d, inform\u00f3 Romero a La Raz\u00f3n.<br \/>\nExplic\u00f3, adem\u00e1s que la el dato del \u00cdndice de Precios al Consumidor (IPC) interanual lleg\u00f3 al 13,22%.<br \/>\n\u201cLa inflaci\u00f3n ser\u00e1 creciente y acelerada, no solo por la falta de d\u00f3lares, sino por la falta de carburantes. El Gobierno dice que se priorizar\u00e1 a los sectores agropecuarios y de minerales, lo que provocar\u00e1 m\u00e1s conflictividad y podr\u00e1 generar un mercado negro donde los combustibles se vendan a precios m\u00e1s elevados\u201d, explic\u00f3.<br \/>\nLament\u00f3 la politizaci\u00f3n, la incertidumbre y la falta de respuestas claras de parte del Gobierno a la coyuntura econ\u00f3mica que vive el pa\u00eds.<br \/>\nEl INE justific\u00f3 ese lunes el \u00edndice inflacionario de febrero al incremento en los precios del \u201ctomate que aument\u00f3 de precio en un 30% (\u2026), la carne de res sin hueso, con 3,4% (\u2026), el transporte en micro, bus o colectivo, La Paz ha sido el ejemplo m\u00e1s claro\u201d, dijo el director de la entidad, Humberto Arandia.<\/p>\n","protected":false},"excerpt":{"rendered":"<p>La inflaci\u00f3n acumulada a febrero de 3,23% ya alcanz\u00f3 el 43% de la proyecci\u00f3n que hizo el Gobierno en el Presupuesto General del Estado (PGE) para toda la gesti\u00f3n 2025, que es de 7,5%. Este lunes, el Instituto Nacional de Estad\u00edstica (INE) inform\u00f3 present\u00f3 el \u00cdndice de Precios al Consumidor (IPC) del mes de febrero. [&hellip;]<\/p>\n","protected":false},"author":1,"featured_media":2447,"comment_status":"","ping_status":"open","sticky":false,"template":"","format":"standard","meta":{"pagelayer_contact_templates":[],"_pagelayer_content":"","footnotes":""},"categories":[19,29,24],"tags":[],"class_list":{"0":"post-2446","1":"post","2":"type-post","3":"status-publish","4":"format-standard","5":"has-post-thumbnail","7":"category-economia","8":"category-portada-economia","9":"category-portada-general-sitio"},"_links":{"self":[{"href":"https:\/\/jms.com.bo\/mediamonitorbo\/wp-json\/wp\/v2\/posts\/2446","targetHints":{"allow":["GET"]}}],"collection":[{"href":"https:\/\/jms.com.bo\/mediamonitorbo\/wp-json\/wp\/v2\/posts"}],"about":[{"href":"https:\/\/jms.com.bo\/mediamonitorbo\/wp-json\/wp\/v2\/types\/post"}],"author":[{"embeddable":true,"href":"https:\/\/jms.com.bo\/mediamonitorbo\/wp-json\/wp\/v2\/users\/1"}],"replies":[{"embeddable":true,"href":"https:\/\/jms.com.bo\/mediamonitorbo\/wp-json\/wp\/v2\/comments?post=2446"}],"version-history":[{"count":0,"href":"https:\/\/jms.com.bo\/mediamonitorbo\/wp-json\/wp\/v2\/posts\/2446\/revisions"}],"wp:featuredmedia":[{"embeddable":true,"href":"https:\/\/jms.com.bo\/mediamonitorbo\/wp-json\/wp\/v2\/media\/2447"}],"wp:attachment":[{"href":"https:\/\/jms.com.bo\/mediamonitorbo\/wp-json\/wp\/v2\/media?parent=2446"}],"wp:term":[{"taxonomy":"category","embeddable":true,"href":"https:\/\/jms.com.bo\/mediamonitorbo\/wp-json\/wp\/v2\/categories?post=2446"},{"taxonomy":"post_tag","embeddable":true,"href":"https:\/\/jms.com.bo\/mediamonitorbo\/wp-json\/wp\/v2\/tags?post=2446"}],"curies":[{"name":"wp","href":"https:\/\/api.w.org\/{rel}","templated":true}]}}