{"id":2454,"date":"2025-03-11T06:57:45","date_gmt":"2025-03-11T10:57:45","guid":{"rendered":"https:\/\/jms.com.bo\/mediamonitorbo\/2025\/03\/11\/las-seis-federaciones-determinan-que-andronico-no-sea-candidato-por-ningun-partido\/"},"modified":"2025-03-11T06:57:45","modified_gmt":"2025-03-11T10:57:45","slug":"las-seis-federaciones-determinan-que-andronico-no-sea-candidato-por-ningun-partido","status":"publish","type":"post","link":"https:\/\/jms.com.bo\/mediamonitorbo\/2025\/03\/11\/las-seis-federaciones-determinan-que-andronico-no-sea-candidato-por-ningun-partido\/","title":{"rendered":"Las Seis Federaciones determinan que Andr\u00f3nico no sea candidato por ning\u00fan partido"},"content":{"rendered":"<p>La Coordinadora de las Seis Federaciones del Tr\u00f3pico de Cochabamba determin\u00f3 este lunes que el presidente de la C\u00e1mara de Senadores, Andr\u00f3nico Rodr\u00edguez, no ser\u00e1 candidato presidencial por ning\u00fan partido pol\u00edtico. Adem\u00e1s, ratific\u00f3 la candidatura del expresidente Evo Morales por el Frente Para la Victoria (FPV)para las elecciones del 17 de agosto.<br \/>\n\u201cAnte las falsas campa\u00f1as pol\u00edticas de apoyo al hermano Andr\u00f3nico Rodr\u00edguez por parte del Gobierno y la derecha nacional, desprestigiando su imagen y desgast\u00e1ndolo pol\u00edticamente, la Coordinadora de las Seis Federaciones del Tr\u00f3pico de Cochabamba, de manera un\u00e1nime, determina que el hermano Andr\u00f3nico no es candidato a la presidencia de ning\u00fan partido\u201d, se\u00f1ala parte de una de las resoluciones del directorio.<br \/>\nAsimismo, la organizaci\u00f3n cocalera respald\u00f3 el acuerdo nacional entre la direcci\u00f3n nacional del instrumento pol\u00edtico y la direcci\u00f3n ejecutiva del Frente Para la Victoria (FPV) que tiene a Morales como su candidato para los comicios presidenciales.<br \/>\n\u201cLa coordinadora (\u2026) garantizar\u00e1 la seguridad e integridad f\u00edsica de nuestro candidato nacional para su inscripci\u00f3n en la ciudad de La Paz, as\u00ed como en el congreso de refundaci\u00f3n del instrumento pol\u00edtico los d\u00edas 29, 30 y 31 de marzo en el Estadio Bicentenario de Villa Tunari\u201d, advierte una de las resolusiones.<br \/>\nEn el encuentro cocalero, Morales reiter\u00f3 que en su bloque no hay divisi\u00f3n e insisti\u00f3 en no desgastar la imagen de Andr\u00f3nico.<br \/>\nAsimismo, se\u00f1al\u00f3 que \u201cintentar\u00e1n\u201d dividirlos, pero con la experiencia de las bases nunca dividir\u00e1n al Tr\u00f3pico de Cochabamba. \u201cEntiendo que algunos quieren desgastar al hermano Andr\u00f3nico, tampoco vamos a permitir que lo desgasten\u201d.<br \/>\nMorales est\u00e1 atrincherado y resguardado en Lauca \u00d1, en el Tr\u00f3pico de Cochabamba, por sus bases ante una posible detenci\u00f3n policial, luego de que la Justicia emitiera un mandamiento de aprehensi\u00f3n por el delito de trata de personas con agravante.<br \/>\nDesde octubre de 2024, el l\u00edder cocalero no sale de la regi\u00f3n del Chapare y, seg\u00fan la dirigencia evista, est\u00e1 protegido por m\u00e1s de 10.000 personas.<\/p>\n","protected":false},"excerpt":{"rendered":"<p>La Coordinadora de las Seis Federaciones del Tr\u00f3pico de Cochabamba determin\u00f3 este lunes que el presidente de la C\u00e1mara de Senadores, Andr\u00f3nico Rodr\u00edguez, no ser\u00e1 candidato presidencial por ning\u00fan partido pol\u00edtico. Adem\u00e1s, ratific\u00f3 la candidatura del expresidente Evo Morales por el Frente Para la Victoria (FPV)para las elecciones del 17 de agosto. \u201cAnte las falsas [&hellip;]<\/p>\n","protected":false},"author":1,"featured_media":2455,"comment_status":"","ping_status":"open","sticky":false,"template":"","format":"standard","meta":{"pagelayer_contact_templates":[],"_pagelayer_content":"","footnotes":""},"categories":[20],"tags":[],"class_list":{"0":"post-2454","1":"post","2":"type-post","3":"status-publish","4":"format-standard","5":"has-post-thumbnail","7":"category-politica"},"_links":{"self":[{"href":"https:\/\/jms.com.bo\/mediamonitorbo\/wp-json\/wp\/v2\/posts\/2454","targetHints":{"allow":["GET"]}}],"collection":[{"href":"https:\/\/jms.com.bo\/mediamonitorbo\/wp-json\/wp\/v2\/posts"}],"about":[{"href":"https:\/\/jms.com.bo\/mediamonitorbo\/wp-json\/wp\/v2\/types\/post"}],"author":[{"embeddable":true,"href":"https:\/\/jms.com.bo\/mediamonitorbo\/wp-json\/wp\/v2\/users\/1"}],"replies":[{"embeddable":true,"href":"https:\/\/jms.com.bo\/mediamonitorbo\/wp-json\/wp\/v2\/comments?post=2454"}],"version-history":[{"count":0,"href":"https:\/\/jms.com.bo\/mediamonitorbo\/wp-json\/wp\/v2\/posts\/2454\/revisions"}],"wp:featuredmedia":[{"embeddable":true,"href":"https:\/\/jms.com.bo\/mediamonitorbo\/wp-json\/wp\/v2\/media\/2455"}],"wp:attachment":[{"href":"https:\/\/jms.com.bo\/mediamonitorbo\/wp-json\/wp\/v2\/media?parent=2454"}],"wp:term":[{"taxonomy":"category","embeddable":true,"href":"https:\/\/jms.com.bo\/mediamonitorbo\/wp-json\/wp\/v2\/categories?post=2454"},{"taxonomy":"post_tag","embeddable":true,"href":"https:\/\/jms.com.bo\/mediamonitorbo\/wp-json\/wp\/v2\/tags?post=2454"}],"curies":[{"name":"wp","href":"https:\/\/api.w.org\/{rel}","templated":true}]}}