{"id":2456,"date":"2025-03-11T06:55:23","date_gmt":"2025-03-11T10:55:23","guid":{"rendered":"https:\/\/jms.com.bo\/mediamonitorbo\/2025\/03\/11\/evistas-recuperan-la-sede-del-mas-y-persiguen-a-arcistas-por-los-techos\/"},"modified":"2025-03-11T06:55:23","modified_gmt":"2025-03-11T10:55:23","slug":"evistas-recuperan-la-sede-del-mas-y-persiguen-a-arcistas-por-los-techos","status":"publish","type":"post","link":"https:\/\/jms.com.bo\/mediamonitorbo\/2025\/03\/11\/evistas-recuperan-la-sede-del-mas-y-persiguen-a-arcistas-por-los-techos\/","title":{"rendered":"\u201cEvistas\u201d recuperan la sede del MAS y persiguen a \u201carcistas\u201d por los techos"},"content":{"rendered":"<p>Militantes del ala \u201cevista\u201d lograron retomar la sede nacional del MAS en la ciudad de La Paz, despu\u00e9s de que estuvo tomada por el ala \u201carcista\u201d a la cabeza del diputado Rolando Cu\u00e9llar.<br \/>\nLa toma hab\u00eda sido liderada por el diputado Rolando Cu\u00e9llar. Los \u201carcistas\u201d usaron una escalera para trepar la pared y lograr ingresar al predio, donde procedieron a borrar las im\u00e1genes de Evo Morales.<br \/>\nSin embargo, los \u201cevistas\u201d se concentraron y, en medio de una protesta, lograron ingresar al predio por la fuerza.<br \/>\nVarios militantes \u201carcistas\u201d tuvieron que escapar a trav\u00e9s de los techos, mientras que algunos fueron interceptados y golpeados por los \u201cevistas\u201d.<br \/>\nLa Polic\u00eda lleg\u00f3 al lugar para asegurarse que no existan mayores agresiones, pero se retir\u00f3 una vez se tranquiliz\u00f3 la situaci\u00f3n.<br \/>\nEl ala \u201cevista\u201d tiene posesi\u00f3n de la sede, pero el \u201carcismo\u201d ya hab\u00eda reclamado la entrega del predio, despu\u00e9s de que la justicia le otorg\u00f3 la directiva del MAS.<br \/>\nEl diputado Cu\u00e9llar argument\u00f3 que la sede es del MAS de color azul y no as\u00ed del verde del Frente Para la Victoria, partido que ahora pretende postular a Evo Morales.<\/p>\n","protected":false},"excerpt":{"rendered":"<p>Militantes del ala \u201cevista\u201d lograron retomar la sede nacional del MAS en la ciudad de La Paz, despu\u00e9s de que estuvo tomada por el ala \u201carcista\u201d a la cabeza del diputado Rolando Cu\u00e9llar. La toma hab\u00eda sido liderada por el diputado Rolando Cu\u00e9llar. Los \u201carcistas\u201d usaron una escalera para trepar la pared y lograr ingresar [&hellip;]<\/p>\n","protected":false},"author":1,"featured_media":2457,"comment_status":"","ping_status":"open","sticky":false,"template":"","format":"standard","meta":{"pagelayer_contact_templates":[],"_pagelayer_content":"","footnotes":""},"categories":[20],"tags":[],"class_list":{"0":"post-2456","1":"post","2":"type-post","3":"status-publish","4":"format-standard","5":"has-post-thumbnail","7":"category-politica"},"_links":{"self":[{"href":"https:\/\/jms.com.bo\/mediamonitorbo\/wp-json\/wp\/v2\/posts\/2456","targetHints":{"allow":["GET"]}}],"collection":[{"href":"https:\/\/jms.com.bo\/mediamonitorbo\/wp-json\/wp\/v2\/posts"}],"about":[{"href":"https:\/\/jms.com.bo\/mediamonitorbo\/wp-json\/wp\/v2\/types\/post"}],"author":[{"embeddable":true,"href":"https:\/\/jms.com.bo\/mediamonitorbo\/wp-json\/wp\/v2\/users\/1"}],"replies":[{"embeddable":true,"href":"https:\/\/jms.com.bo\/mediamonitorbo\/wp-json\/wp\/v2\/comments?post=2456"}],"version-history":[{"count":0,"href":"https:\/\/jms.com.bo\/mediamonitorbo\/wp-json\/wp\/v2\/posts\/2456\/revisions"}],"wp:featuredmedia":[{"embeddable":true,"href":"https:\/\/jms.com.bo\/mediamonitorbo\/wp-json\/wp\/v2\/media\/2457"}],"wp:attachment":[{"href":"https:\/\/jms.com.bo\/mediamonitorbo\/wp-json\/wp\/v2\/media?parent=2456"}],"wp:term":[{"taxonomy":"category","embeddable":true,"href":"https:\/\/jms.com.bo\/mediamonitorbo\/wp-json\/wp\/v2\/categories?post=2456"},{"taxonomy":"post_tag","embeddable":true,"href":"https:\/\/jms.com.bo\/mediamonitorbo\/wp-json\/wp\/v2\/tags?post=2456"}],"curies":[{"name":"wp","href":"https:\/\/api.w.org\/{rel}","templated":true}]}}