{"id":2460,"date":"2025-03-11T06:53:03","date_gmt":"2025-03-11T10:53:03","guid":{"rendered":"https:\/\/jms.com.bo\/mediamonitorbo\/2025\/03\/11\/el-pilcomayo-alcanza-los-5-metros-y-golpea-a-comunidades-del-chaco\/"},"modified":"2025-03-11T06:53:03","modified_gmt":"2025-03-11T10:53:03","slug":"el-pilcomayo-alcanza-los-5-metros-y-golpea-a-comunidades-del-chaco","status":"publish","type":"post","link":"https:\/\/jms.com.bo\/mediamonitorbo\/2025\/03\/11\/el-pilcomayo-alcanza-los-5-metros-y-golpea-a-comunidades-del-chaco\/","title":{"rendered":"El Pilcomayo alcanza los 5 metros y golpea a comunidades del Chaco"},"content":{"rendered":"<p>Las intensas lluvias registradas el pasado fin de semana provocaron el desborde del r\u00edo Pilcomayo, generando inundaciones y afectando a al menos cinco comunidades de la Regi\u00f3n Aut\u00f3noma del Chaco. Las poblaciones de La Victoria, Esmeralda y Cutaiqui, en Villa Montes, adem\u00e1s de D\u2019Orbigny y Crevaux, en Yacuiba, han sufrido los embates del agua, lo que ha obligado a las autoridades a coordinar acciones de respuesta ante un posible escenario de evacuaciones masivas.<br \/>\nEn Villa Montes<br \/>\nEl Gobierno Regional de Villa Montes inform\u00f3 que, tras el aumento del caudal del r\u00edo, se ha desplegado personal t\u00e9cnico para realizar un levantamiento de informaci\u00f3n y ejecutar atenciones de emergencia. Seg\u00fan el reporte oficial, la crecida del Pilcomayo ha sido provocada por las intensas lluvias en la cuenca alta, lo que ha derivado en el desborde en las comunidades costeras como La Victoria, Esmeralda y Cuitaiqui.<br \/>\nActualmente, se mantiene la alerta naranja ante la posibilidad de nuevos desbordes. El domingo, el nivel del r\u00edo alcanz\u00f3 un m\u00e1ximo de 4,5 metros, dejando varias zonas anegadas.<br \/>\nLas autoridades regionales cuestionaron la falta de respuesta del Gobierno Municipal de Villa Montes, se\u00f1alando que hasta la fecha no se ha activado el Comit\u00e9 Operativo de Emergencia Municipal (COEM), mecanismo establecido en la Ley 602 de Gesti\u00f3n de Riesgos para la atenci\u00f3n de desastres.<br \/>\nLa Gobernaci\u00f3n<br \/>\nEl secretario de Desarrollo Productivo y Medio Ambiente de la Gobernaci\u00f3n de Tarija, Efra\u00edn Rivera, detall\u00f3 que, para la jornada del lunes, el nivel del r\u00edo en Villa Montes hab\u00eda alcanzado los 4,8 metros, mientras que en otras zonas, como Aruma, Timboy y Huacareta, el caudal se elev\u00f3 hasta los 8 metros.<br \/>\nProblema Ind\u00edgenas cuestionan que el desborde del Pilcomayo sea un problema recurrente cada a\u00f1o y no se construyan los defensivos<br \/>\nRivera confirm\u00f3 que, adem\u00e1s de las comunidades previamente mencionadas, D\u2019Orbigny y Crevaux tambi\u00e9n se encuentran inundadas, situaci\u00f3n que afecta a poblaciones fronterizas con Argentina y Paraguay. Frente a este escenario, la Gobernaci\u00f3n ha coordinado con el Viceministerio de Defensa Civil y las unidades de Gesti\u00f3n de Riesgos del Municipio y la Gobernaci\u00f3n para proceder con evacuaciones si la situaci\u00f3n lo requiere.<br \/>\nAsimismo, Rivera anunci\u00f3 que, una vez las lluvias cesen, se proceder\u00e1 a una cuantificaci\u00f3n de los da\u00f1os para evaluar la magnitud del desastre y gestionar recursos para la reconstrucci\u00f3n de las \u00e1reas afectadas.<br \/>\nInd\u00edgenas preocupados<br \/>\nEl desborde del Pilcomayo ha generado preocupaci\u00f3n en el pueblo ind\u00edgena Weenhayek, cuya econom\u00eda y modo de vida dependen en gran medida del r\u00edo. Francisco P\u00e9rez Nazario, Capit\u00e1n Grande de esta naci\u00f3n ind\u00edgena, manifest\u00f3 su inquietud ante la creciente amenaza del agua y critic\u00f3 la falta de infraestructura de protecci\u00f3n adecuada, ya que este problema es recurrente cada a\u00f1o.<br \/>\nEn declaraciones a Radio Aclo Chaco, P\u00e9rez inform\u00f3 que se trasladar\u00e1 a las comunidades afectadas para evaluar la situaci\u00f3n y emitir un pronunciamiento exigiendo apoyo de las autoridades.<br \/>\nSeg\u00fan el l\u00edder ind\u00edgena, el nivel del r\u00edo ya ha superado los cinco metros, poniendo en riesgo a cientos de familias que cada a\u00f1o enfrentan inundaciones sin recibir respuestas efectivas de las autoridades.<br \/>\nP\u00e9rez critic\u00f3 la falta de medidas preventivas, como la construcci\u00f3n de defensivos y la provisi\u00f3n de maquinaria para trabajos de dragado.<br \/>\nAdem\u00e1s, se\u00f1al\u00f3 que, hasta la fecha, no se ha entregado la maquinaria necesaria para mitigar los efectos del desborde (mediante dragados), pese a las constantes solicitudes de la comunidad Weenhayek.<br \/>\nEl Capit\u00e1n Grande anunci\u00f3 que est\u00e1 coordinando con la Alcald\u00eda de Villa Montes y otras instituciones para realizar un recorrido por las zonas m\u00e1s afectadas. Su objetivo es documentar la situaci\u00f3n de las comunidades y emitir un pronunciamiento formal que presione a las autoridades a tomar medidas urgentes.<br \/>\nCaminos cortados<br \/>\nEl desborde del r\u00edo tambi\u00e9n ha generado problemas de conectividad, afectando las rutas que conducen hacia la frontera con Paraguay. Desde el fin de semana, se ha reportado que varias carreteras han quedado intransitables, dificultando la llegada de ayuda y la movilidad de los afectados.<br \/>\nLas autoridades han recomendado a los pobladores mantenerse en alerta y estar atentos a las indicaciones oficiales, ya que el pron\u00f3stico clim\u00e1tico indica la posibilidad de nuevas lluvias en los pr\u00f3ximos d\u00edas, lo que podr\u00eda agravar la situaci\u00f3n.<br \/>\nVilla Montes: Campesinos piden activar el COEM<br \/>\nEl ejecutivo de la Central de Campesinos de Villa Montes, Jaime Ortiz, se\u00f1al\u00f3 que se ha enviado una nota formal al alcalde Rub\u00e9n Vaca, adem\u00e1s de otra al Concejo Municipal, para que pueda activar el COEM, esto en el marco de la Ley 602 de Gesti\u00f3n de Riesgos.<br \/>\n\u201cNosotros queremos que se apruebe una ley de emergencia, porque ahorita es cuando necesitamos, no queremos la ley de desastres. Con la ley de emergencia podemos ver cu\u00e1nto de recursos tiene nuestro alcalde para poder gastar, porque hay recursos\u201d, dijo.<br \/>\nOrtiz detall\u00f3 que actualmente varias familias han tenido que abandonar sus hogares buscando un lugar alto donde no llegue el agua, y es ah\u00ed donde necesitan atenci\u00f3n, tanto con asistencia m\u00e9dica y alimentos.<\/p>\n","protected":false},"excerpt":{"rendered":"<p>Las intensas lluvias registradas el pasado fin de semana provocaron el desborde del r\u00edo Pilcomayo, generando inundaciones y afectando a al menos cinco comunidades de la Regi\u00f3n Aut\u00f3noma del Chaco. Las poblaciones de La Victoria, Esmeralda y Cutaiqui, en Villa Montes, adem\u00e1s de D\u2019Orbigny y Crevaux, en Yacuiba, han sufrido los embates del agua, lo [&hellip;]<\/p>\n","protected":false},"author":1,"featured_media":2461,"comment_status":"","ping_status":"open","sticky":false,"template":"","format":"standard","meta":{"pagelayer_contact_templates":[],"_pagelayer_content":"","footnotes":""},"categories":[21],"tags":[],"class_list":{"0":"post-2460","1":"post","2":"type-post","3":"status-publish","4":"format-standard","5":"has-post-thumbnail","7":"category-actualidad"},"_links":{"self":[{"href":"https:\/\/jms.com.bo\/mediamonitorbo\/wp-json\/wp\/v2\/posts\/2460","targetHints":{"allow":["GET"]}}],"collection":[{"href":"https:\/\/jms.com.bo\/mediamonitorbo\/wp-json\/wp\/v2\/posts"}],"about":[{"href":"https:\/\/jms.com.bo\/mediamonitorbo\/wp-json\/wp\/v2\/types\/post"}],"author":[{"embeddable":true,"href":"https:\/\/jms.com.bo\/mediamonitorbo\/wp-json\/wp\/v2\/users\/1"}],"replies":[{"embeddable":true,"href":"https:\/\/jms.com.bo\/mediamonitorbo\/wp-json\/wp\/v2\/comments?post=2460"}],"version-history":[{"count":0,"href":"https:\/\/jms.com.bo\/mediamonitorbo\/wp-json\/wp\/v2\/posts\/2460\/revisions"}],"wp:featuredmedia":[{"embeddable":true,"href":"https:\/\/jms.com.bo\/mediamonitorbo\/wp-json\/wp\/v2\/media\/2461"}],"wp:attachment":[{"href":"https:\/\/jms.com.bo\/mediamonitorbo\/wp-json\/wp\/v2\/media?parent=2460"}],"wp:term":[{"taxonomy":"category","embeddable":true,"href":"https:\/\/jms.com.bo\/mediamonitorbo\/wp-json\/wp\/v2\/categories?post=2460"},{"taxonomy":"post_tag","embeddable":true,"href":"https:\/\/jms.com.bo\/mediamonitorbo\/wp-json\/wp\/v2\/tags?post=2460"}],"curies":[{"name":"wp","href":"https:\/\/api.w.org\/{rel}","templated":true}]}}