{"id":2462,"date":"2025-03-11T06:51:50","date_gmt":"2025-03-11T10:51:50","guid":{"rendered":"https:\/\/jms.com.bo\/mediamonitorbo\/2025\/03\/11\/bloqueos-evistas-de-2024-disminuyeron-en-bs-1-millon-presupuesto-para-mantenimiento-vial\/"},"modified":"2025-03-11T06:51:50","modified_gmt":"2025-03-11T10:51:50","slug":"bloqueos-evistas-de-2024-disminuyeron-en-bs-1-millon-presupuesto-para-mantenimiento-vial","status":"publish","type":"post","link":"https:\/\/jms.com.bo\/mediamonitorbo\/2025\/03\/11\/bloqueos-evistas-de-2024-disminuyeron-en-bs-1-millon-presupuesto-para-mantenimiento-vial\/","title":{"rendered":"Bloqueos evistas de 2024 disminuyeron en Bs 1 mill\u00f3n presupuesto para mantenimiento vial"},"content":{"rendered":"<p>El presidente de la Administradora Boliviana de Carreteras (ABC), Marcel Claure, record\u00f3 este domingo que los bloqueos que protagonizaron los seguidores de Evo Morales en 2024 provocaron una p\u00e9rdida que represent\u00f3 Bs 1 mill\u00f3n menos para el mantenimiento de las carreteras de la Red Vial Fundamental en \u00e9poca de lluvias.<br \/>\n\u201cEl a\u00f1o pasado tuvimos 40 d\u00edas de bloqueo, en febrero, octubre y noviembre, un mill\u00f3n de bolivianos menos de recursos para el mantenimiento vial, entonces, bloqueamos, bajamos los recursos y despu\u00e9s reclamamos para que el mantenimiento se haga adecuadamente\u201d, cuestion\u00f3 en entrevista con Bolivia Tv.<br \/>\nClaure consider\u00f3 que es bueno mirar un hacia atr\u00e1s y recordar cu\u00e1l ha sido el da\u00f1o ocasionado a los recursos del mantenimiento de las carreteras.<br \/>\n\u201cNo nos estamos quejando, no eludimos nuestras obligaciones, pero es bueno que tengamos siempre un contexto m\u00e1s amplio\u201d, insisti\u00f3.<br \/>\nEn la temporada de lluvias, la estatal de caminos atiende emergencias y hace bacheos superficiales, toda vez que, \u201csi hacemos reparaciones en lluvias estas duran poco, el agua es enemiga del pavimento\u201d.<br \/>\nUna vez concluya la temporada de lluvias, la ABC proceder\u00e1 a las tareas reconstructivas de las carreteras.<br \/>\nLa ABC report\u00f3 en lo que va del 2025 384 derrumbes en la Red Vial Fundamental, de los que La Paz concentra 133, siendo el departamento m\u00e1s afectado.<br \/>\nEn la carretera La Paz-Oruro, la ABC reconstruir\u00e1 un tramo de un kil\u00f3metro, en la Autopista La Paz-El Alto se har\u00e1 la reparaci\u00f3n profunda de una alcantarilla que est\u00e1 como a 10 metros de profundidad, ejemplific\u00f3 sobre los trabajos que se realiza.<\/p>\n","protected":false},"excerpt":{"rendered":"<p>El presidente de la Administradora Boliviana de Carreteras (ABC), Marcel Claure, record\u00f3 este domingo que los bloqueos que protagonizaron los seguidores de Evo Morales en 2024 provocaron una p\u00e9rdida que represent\u00f3 Bs 1 mill\u00f3n menos para el mantenimiento de las carreteras de la Red Vial Fundamental en \u00e9poca de lluvias. \u201cEl a\u00f1o pasado tuvimos 40 [&hellip;]<\/p>\n","protected":false},"author":1,"featured_media":2463,"comment_status":"","ping_status":"open","sticky":false,"template":"","format":"standard","meta":{"pagelayer_contact_templates":[],"_pagelayer_content":"","footnotes":""},"categories":[21],"tags":[],"class_list":{"0":"post-2462","1":"post","2":"type-post","3":"status-publish","4":"format-standard","5":"has-post-thumbnail","7":"category-actualidad"},"_links":{"self":[{"href":"https:\/\/jms.com.bo\/mediamonitorbo\/wp-json\/wp\/v2\/posts\/2462","targetHints":{"allow":["GET"]}}],"collection":[{"href":"https:\/\/jms.com.bo\/mediamonitorbo\/wp-json\/wp\/v2\/posts"}],"about":[{"href":"https:\/\/jms.com.bo\/mediamonitorbo\/wp-json\/wp\/v2\/types\/post"}],"author":[{"embeddable":true,"href":"https:\/\/jms.com.bo\/mediamonitorbo\/wp-json\/wp\/v2\/users\/1"}],"replies":[{"embeddable":true,"href":"https:\/\/jms.com.bo\/mediamonitorbo\/wp-json\/wp\/v2\/comments?post=2462"}],"version-history":[{"count":0,"href":"https:\/\/jms.com.bo\/mediamonitorbo\/wp-json\/wp\/v2\/posts\/2462\/revisions"}],"wp:featuredmedia":[{"embeddable":true,"href":"https:\/\/jms.com.bo\/mediamonitorbo\/wp-json\/wp\/v2\/media\/2463"}],"wp:attachment":[{"href":"https:\/\/jms.com.bo\/mediamonitorbo\/wp-json\/wp\/v2\/media?parent=2462"}],"wp:term":[{"taxonomy":"category","embeddable":true,"href":"https:\/\/jms.com.bo\/mediamonitorbo\/wp-json\/wp\/v2\/categories?post=2462"},{"taxonomy":"post_tag","embeddable":true,"href":"https:\/\/jms.com.bo\/mediamonitorbo\/wp-json\/wp\/v2\/tags?post=2462"}],"curies":[{"name":"wp","href":"https:\/\/api.w.org\/{rel}","templated":true}]}}