{"id":2466,"date":"2025-03-11T06:49:00","date_gmt":"2025-03-11T10:49:00","guid":{"rendered":"https:\/\/jms.com.bo\/mediamonitorbo\/2025\/03\/11\/entre-rios-el-transporte-preve-bloquear-la-carretera-al-chaco\/"},"modified":"2025-03-11T06:49:00","modified_gmt":"2025-03-11T10:49:00","slug":"entre-rios-el-transporte-preve-bloquear-la-carretera-al-chaco","status":"publish","type":"post","link":"https:\/\/jms.com.bo\/mediamonitorbo\/2025\/03\/11\/entre-rios-el-transporte-preve-bloquear-la-carretera-al-chaco\/","title":{"rendered":"Entre R\u00edos: El Transporte prev\u00e9 bloquear la carretera al Chaco"},"content":{"rendered":"<p>La carretera al Chaco se ha convertido en un dolor de cabeza para los transportistas, debido a los derrumbes, deslizamientos de lodo y baches que deterioran los veh\u00edculos, seg\u00fan describen los choferes.<br \/>\nAnte esa situaci\u00f3n, el transporte federado de Entre R\u00edos, en la provincia O\u2019Connor, amenaza con iniciar un bloqueo de caminos el jueves 13 de marzo debido al mal estado de los caminos.<br \/>\nRa\u00fal Torres, dirigente de ese sector, lament\u00f3 que todos los a\u00f1os tienen los mismos problemas con el camino que conecta a Tarija con Entre R\u00edos y el que va hacia el Chaco. A ellos se suman los caminos comunales, que de igual manera est\u00e1n \u201cun desastre\u201d. Mencion\u00f3 que hay comunidades que se ven perjudicadas por la falta de una conexi\u00f3n vial adecuada, como Chiquiac\u00e1, Salinas, Timboy, entre otras.<br \/>\nRecursos El Alcalde de Entre R\u00edos dijo que un problema es la falta de recursos para intervenir los caminos, debido a la ca\u00edda de ingresos, y advirti\u00f3 que el 2026 ser\u00e1 peor<br \/>\nCansados de excusas y trabajos de mantenimiento a medias, los transportistas se reunieron el viernes y determinaron dar un plazo a las autoridades de la Alcald\u00eda de Entre R\u00edos, la Gobernaci\u00f3n de Tarija y a la Administradora Boliviana de Carreteras (ABC) para que respondan sobre el mal estado de las carreteras, caso contrario, desde las cero horas del viernes iniciar\u00e1n un paro indefinido con bloqueo de caminos.<br \/>\n\u201cQueremos ver a las m\u00e1quinas trabajando, que est\u00e1n ah\u00ed, pero los trabajadores no trabajan porque no tienen contrato. Ya no queremos trabajar bajo peligro, ya no queremos perder compa\u00f1eros por el mal estado de los caminos. Las autoridades saben c\u00f3mo est\u00e1n los caminos, no esperen a que iniciemos bloqueo, tengan un poco de voluntad\u201d, reclam\u00f3.<br \/>\nEl alcalde de Entre R\u00edos, Teodoro Suruguay, indic\u00f3 que algunos caminos comunales recibieron mantenimiento, como a Chiquiac\u00e1, pero con las lluvias quedaron en peor situaci\u00f3n.<br \/>\n\u201cPorque se afloj\u00f3 la tierra. Entonces hay que esperar, yo no digo que no vamos a trabajar, claro que lo vamos a hacer, pero poner una fecha ser\u00eda una mentira. Adem\u00e1s, ellos deben tomar en cuenta el tiempo que lleva llegar a esos lugares con la maquinaria pesada, y ellos me dan hasta el 13, eso es imposible\u201d, dijo Suruguay, a tiempo de recordar que tampoco cuenta con la maquinaria suficiente para intervenir, ya que solo cuenta con una motoniveladora, una pala cargadora y dos volquetas.<br \/>\n\u201cEl municipio de Entre R\u00edos es uno de los m\u00e1s dif\u00edciles de atender, porque tengo que recorrer 150 kil\u00f3metros para ir a Ivoca, m\u00e1s de 90 kil\u00f3metros para llegar a la frontera con Chuquisaca, para ir a Piedra Larga son 60 kil\u00f3metros, entonces, es dif\u00edcil\u201d, dijo y recomend\u00f3 tambi\u00e9n a los transportistas no solo pedir, sino tambi\u00e9n aportar en las mejoras de los caminos, como lo hacen los comunarios.<br \/>\nEl Alcalde de Entre R\u00edos concluy\u00f3, indicando que otro problema que enfrenta es la falta de recursos para intervenir los caminos, debido a la ca\u00edda de ingresos, y advirti\u00f3 que el 2026 ser\u00e1 peor.<br \/>\nCabe recordar que la Federaci\u00f3n del Transporte 15 de Abril tambi\u00e9n amenaz\u00f3 con iniciar un bloqueo de caminos, si la ABC no responde sobre el mal estado de los caminos.<br \/>\nGobernaciones<br \/>\nEl presidente de la Administradora Boliviana de Carreteras (ABC), Marcel Claure, lament\u00f3 que muchas gobernaciones no hayan logrado establecer un sistema de peajes eficiente y sostenible para la red departamental.<br \/>\nEnfatiz\u00f3 que la ABC incluso brinda un apoyo presupuestario anual, pero que la gesti\u00f3n pasada han enfrentado dificultades por los efectos del clima, lo que ha agravado la situaci\u00f3n de muchos caminos municipales.<br \/>\nAgreg\u00f3 que coordinan asistencia t\u00e9cnica con las alcald\u00edas, pero el enfoque principal es la transitabilidad de la red fundamental. Se\u00f1al\u00f3 que las gobernaciones y municipios deber\u00edan hacer lo mismo con la mayor celeridad posible para mantener sus redes departamentales y vecinales en buen estado.<\/p>\n","protected":false},"excerpt":{"rendered":"<p>La carretera al Chaco se ha convertido en un dolor de cabeza para los transportistas, debido a los derrumbes, deslizamientos de lodo y baches que deterioran los veh\u00edculos, seg\u00fan describen los choferes. Ante esa situaci\u00f3n, el transporte federado de Entre R\u00edos, en la provincia O\u2019Connor, amenaza con iniciar un bloqueo de caminos el jueves 13 [&hellip;]<\/p>\n","protected":false},"author":1,"featured_media":2467,"comment_status":"","ping_status":"open","sticky":false,"template":"","format":"standard","meta":{"pagelayer_contact_templates":[],"_pagelayer_content":"","footnotes":""},"categories":[22],"tags":[],"class_list":{"0":"post-2466","1":"post","2":"type-post","3":"status-publish","4":"format-standard","5":"has-post-thumbnail","7":"category-social"},"_links":{"self":[{"href":"https:\/\/jms.com.bo\/mediamonitorbo\/wp-json\/wp\/v2\/posts\/2466","targetHints":{"allow":["GET"]}}],"collection":[{"href":"https:\/\/jms.com.bo\/mediamonitorbo\/wp-json\/wp\/v2\/posts"}],"about":[{"href":"https:\/\/jms.com.bo\/mediamonitorbo\/wp-json\/wp\/v2\/types\/post"}],"author":[{"embeddable":true,"href":"https:\/\/jms.com.bo\/mediamonitorbo\/wp-json\/wp\/v2\/users\/1"}],"replies":[{"embeddable":true,"href":"https:\/\/jms.com.bo\/mediamonitorbo\/wp-json\/wp\/v2\/comments?post=2466"}],"version-history":[{"count":0,"href":"https:\/\/jms.com.bo\/mediamonitorbo\/wp-json\/wp\/v2\/posts\/2466\/revisions"}],"wp:featuredmedia":[{"embeddable":true,"href":"https:\/\/jms.com.bo\/mediamonitorbo\/wp-json\/wp\/v2\/media\/2467"}],"wp:attachment":[{"href":"https:\/\/jms.com.bo\/mediamonitorbo\/wp-json\/wp\/v2\/media?parent=2466"}],"wp:term":[{"taxonomy":"category","embeddable":true,"href":"https:\/\/jms.com.bo\/mediamonitorbo\/wp-json\/wp\/v2\/categories?post=2466"},{"taxonomy":"post_tag","embeddable":true,"href":"https:\/\/jms.com.bo\/mediamonitorbo\/wp-json\/wp\/v2\/tags?post=2466"}],"curies":[{"name":"wp","href":"https:\/\/api.w.org\/{rel}","templated":true}]}}