{"id":2468,"date":"2025-03-11T06:47:46","date_gmt":"2025-03-11T10:47:46","guid":{"rendered":"https:\/\/jms.com.bo\/mediamonitorbo\/2025\/03\/11\/productores-de-san-julian-se-suman-a-sectores-afectados-por-la-falta-de-combustible\/"},"modified":"2025-03-11T06:47:46","modified_gmt":"2025-03-11T10:47:46","slug":"productores-de-san-julian-se-suman-a-sectores-afectados-por-la-falta-de-combustible","status":"publish","type":"post","link":"https:\/\/jms.com.bo\/mediamonitorbo\/2025\/03\/11\/productores-de-san-julian-se-suman-a-sectores-afectados-por-la-falta-de-combustible\/","title":{"rendered":"Productores de San Juli\u00e1n se suman a sectores afectados por la falta de combustible"},"content":{"rendered":"<p>Los productores de San Juli\u00e1n est\u00e1n convocando a sus asociados al Cabildo de Producci\u00f3n que se realizar\u00e1 este mi\u00e9rcoles 12 de marzo, a las 14:00, donde exigir\u00e1n una soluci\u00f3n a la falta de di\u00e9sel, y la liberaci\u00f3n de exportaciones.<br \/>\n\u201cEstamos entrando a la \u00e9poca de cosecha y debido al incumplimiento del preacuerdo sobre la liberaci\u00f3n de exportaciones y escasez de combustible es que se convoca al Cabildo de Producci\u00f3n a realizarse el mi\u00e9rcoles 12\u201d, dice el documento que lleva el membrete de la Federaci\u00f3n Especial de Comunidades Interculturales Productores Agropecuarios San Juli\u00e1n.<br \/>\nLa convocatoria agrega que los afiliados partir\u00e1n desde el punto de concentraci\u00f3n hasta los silos de la Empresa de Apoyo a la Producci\u00f3n Estatal de Alimentos (Emapa).<br \/>\nEn Santa Cruz, la escasez de combustible ha llevado a los productores, de por lo menos dos municipios, a protestar.<br \/>\nEn Concepci\u00f3n, los productores bloquean la carretera demandando el abastecimiento del carburante. Este sector denunci\u00f3 que el compromiso de entregar 150.000 litros no se cumpli\u00f3 y que la solicitud de ampliaci\u00f3n del cupo a 250.000 litros sigue sin respuesta.<br \/>\nEn Yapacan\u00ed, organizaciones sociales confirmaron que desde el mediod\u00eda se instalar\u00e1 otro punto de bloqueo en el puente del municipio. La protesta fue convocada por los interculturales, quienes reclaman la falta de combustible y el incumplimiento de compromisos del Ministerio de Medio Ambiente y Agua, as\u00ed como del Ministerio de Desarrollo Rural y Tierras.<br \/>\nOtros conflictos<br \/>\nEn San Carlos, los vecinos bloquean los distritos Antofagasta, Buen Retiro y San Carlos, en rechazo a un pr\u00e9stamo de Bs 4,5 millones gestionado por el Ejecutivo municipal para la construcci\u00f3n de una subalcald\u00eda en Santa Fe.<br \/>\nEn Portachuelo, habitantes de San Juan de Palometillas anunciaron un bloqueo indefinido, en demanda de la devoluci\u00f3n de un \u00edtem de salud y la designaci\u00f3n de un nuevo coordinador para la Red Sara.<\/p>\n","protected":false},"excerpt":{"rendered":"<p>Los productores de San Juli\u00e1n est\u00e1n convocando a sus asociados al Cabildo de Producci\u00f3n que se realizar\u00e1 este mi\u00e9rcoles 12 de marzo, a las 14:00, donde exigir\u00e1n una soluci\u00f3n a la falta de di\u00e9sel, y la liberaci\u00f3n de exportaciones. \u201cEstamos entrando a la \u00e9poca de cosecha y debido al incumplimiento del preacuerdo sobre la liberaci\u00f3n [&hellip;]<\/p>\n","protected":false},"author":1,"featured_media":2469,"comment_status":"","ping_status":"open","sticky":false,"template":"","format":"standard","meta":{"pagelayer_contact_templates":[],"_pagelayer_content":"","footnotes":""},"categories":[22],"tags":[],"class_list":{"0":"post-2468","1":"post","2":"type-post","3":"status-publish","4":"format-standard","5":"has-post-thumbnail","7":"category-social"},"_links":{"self":[{"href":"https:\/\/jms.com.bo\/mediamonitorbo\/wp-json\/wp\/v2\/posts\/2468","targetHints":{"allow":["GET"]}}],"collection":[{"href":"https:\/\/jms.com.bo\/mediamonitorbo\/wp-json\/wp\/v2\/posts"}],"about":[{"href":"https:\/\/jms.com.bo\/mediamonitorbo\/wp-json\/wp\/v2\/types\/post"}],"author":[{"embeddable":true,"href":"https:\/\/jms.com.bo\/mediamonitorbo\/wp-json\/wp\/v2\/users\/1"}],"replies":[{"embeddable":true,"href":"https:\/\/jms.com.bo\/mediamonitorbo\/wp-json\/wp\/v2\/comments?post=2468"}],"version-history":[{"count":0,"href":"https:\/\/jms.com.bo\/mediamonitorbo\/wp-json\/wp\/v2\/posts\/2468\/revisions"}],"wp:featuredmedia":[{"embeddable":true,"href":"https:\/\/jms.com.bo\/mediamonitorbo\/wp-json\/wp\/v2\/media\/2469"}],"wp:attachment":[{"href":"https:\/\/jms.com.bo\/mediamonitorbo\/wp-json\/wp\/v2\/media?parent=2468"}],"wp:term":[{"taxonomy":"category","embeddable":true,"href":"https:\/\/jms.com.bo\/mediamonitorbo\/wp-json\/wp\/v2\/categories?post=2468"},{"taxonomy":"post_tag","embeddable":true,"href":"https:\/\/jms.com.bo\/mediamonitorbo\/wp-json\/wp\/v2\/tags?post=2468"}],"curies":[{"name":"wp","href":"https:\/\/api.w.org\/{rel}","templated":true}]}}