{"id":2550,"date":"2025-03-07T07:05:23","date_gmt":"2025-03-07T11:05:23","guid":{"rendered":"https:\/\/jms.com.bo\/mediamonitorbo\/2025\/03\/07\/tras-congelamiento-de-tarifas-por-el-concejo-choferes-advierten-con-paro-indefinido\/"},"modified":"2025-03-07T07:05:23","modified_gmt":"2025-03-07T11:05:23","slug":"tras-congelamiento-de-tarifas-por-el-concejo-choferes-advierten-con-paro-indefinido","status":"publish","type":"post","link":"https:\/\/jms.com.bo\/mediamonitorbo\/2025\/03\/07\/tras-congelamiento-de-tarifas-por-el-concejo-choferes-advierten-con-paro-indefinido\/","title":{"rendered":"Tras congelamiento de tarifas por el Concejo, choferes advierten con paro indefinido"},"content":{"rendered":"<p>Luego de conocer la aprobaci\u00f3n de la Ley Municipal Auton\u00f3mica de Vigencia de las Tarifas del Servicio P\u00fablico de Transporte Colectivo de Pasajeros; con la cual se restablecen las tarifas establecidas en 2016 y se revoca el incremento promovido por el alcalde Iv\u00e1n Arias, el sector del transporte convoc\u00f3 a un ampliado de emergencia para el jueves. No descartan con un paro indefinido.<br \/>\nEl ejecutivo de la Federaci\u00f3n Urbana de Transporte de La Paz Chuquiago Marka, Limberth Tancar\u00e1, se\u00f1al\u00f3 que, si el Consejo Municipal no revierte la norma que revoca el incremento de pasaje de Bs 2 a Bs 2,40, tomar\u00e1n la medida de presi\u00f3n.<br \/>\n\u201cYa ten\u00edamos programado un paro de 48 horas aprobada por los compa\u00f1eros de base. Si ahora el Concejo no revierte tal situaci\u00f3n vamos por el paro de transportes indefinido\u201d, advirti\u00f3 el dirigente.<br \/>\nEste mi\u00e9rcoles, seis de los 11 concejales aprobaron la norma; en tanto los legisladores de la bancada af\u00edn al alcalde Iv\u00e1n Arias no asistieron a la sesi\u00f3n.<br \/>\n\u201cNo vamos a permitir que estos concejales que han permitido que suba el aceite, la carne de pollo, que han permitido que suba toda la canasta familiar no hayan hecho nada para evitar este tema\u201d, manifest\u00f3 Tancara.<br \/>\nPor unanimidad de los concejales asistentes a la sesi\u00f3n convocada para este mi\u00e9rcoles; el Concejo Municipal de La Paz aprob\u00f3 la Ley Municipal Auton\u00f3mica de Vigencia de las Tarifas del Servicio P\u00fablico de Transporte Colectivo de Pasajeros; con la cual se restablecen las tarifas establecidas en 2016 y se revoca el incremento promovido por el alcalde Iv\u00e1n Arias.<\/p>\n","protected":false},"excerpt":{"rendered":"<p>Luego de conocer la aprobaci\u00f3n de la Ley Municipal Auton\u00f3mica de Vigencia de las Tarifas del Servicio P\u00fablico de Transporte Colectivo de Pasajeros; con la cual se restablecen las tarifas establecidas en 2016 y se revoca el incremento promovido por el alcalde Iv\u00e1n Arias, el sector del transporte convoc\u00f3 a un ampliado de emergencia para [&hellip;]<\/p>\n","protected":false},"author":1,"featured_media":2551,"comment_status":"","ping_status":"open","sticky":false,"template":"","format":"standard","meta":{"pagelayer_contact_templates":[],"_pagelayer_content":"","footnotes":""},"categories":[22],"tags":[],"class_list":{"0":"post-2550","1":"post","2":"type-post","3":"status-publish","4":"format-standard","5":"has-post-thumbnail","7":"category-social"},"_links":{"self":[{"href":"https:\/\/jms.com.bo\/mediamonitorbo\/wp-json\/wp\/v2\/posts\/2550","targetHints":{"allow":["GET"]}}],"collection":[{"href":"https:\/\/jms.com.bo\/mediamonitorbo\/wp-json\/wp\/v2\/posts"}],"about":[{"href":"https:\/\/jms.com.bo\/mediamonitorbo\/wp-json\/wp\/v2\/types\/post"}],"author":[{"embeddable":true,"href":"https:\/\/jms.com.bo\/mediamonitorbo\/wp-json\/wp\/v2\/users\/1"}],"replies":[{"embeddable":true,"href":"https:\/\/jms.com.bo\/mediamonitorbo\/wp-json\/wp\/v2\/comments?post=2550"}],"version-history":[{"count":0,"href":"https:\/\/jms.com.bo\/mediamonitorbo\/wp-json\/wp\/v2\/posts\/2550\/revisions"}],"wp:featuredmedia":[{"embeddable":true,"href":"https:\/\/jms.com.bo\/mediamonitorbo\/wp-json\/wp\/v2\/media\/2551"}],"wp:attachment":[{"href":"https:\/\/jms.com.bo\/mediamonitorbo\/wp-json\/wp\/v2\/media?parent=2550"}],"wp:term":[{"taxonomy":"category","embeddable":true,"href":"https:\/\/jms.com.bo\/mediamonitorbo\/wp-json\/wp\/v2\/categories?post=2550"},{"taxonomy":"post_tag","embeddable":true,"href":"https:\/\/jms.com.bo\/mediamonitorbo\/wp-json\/wp\/v2\/tags?post=2550"}],"curies":[{"name":"wp","href":"https:\/\/api.w.org\/{rel}","templated":true}]}}