{"id":2629,"date":"2025-03-05T06:57:30","date_gmt":"2025-03-05T10:57:30","guid":{"rendered":"https:\/\/jms.com.bo\/mediamonitorbo\/2025\/03\/05\/observatorio-san-calixto-reporta-un-sismo-de-magnitud-4-0-en-la-provincia-esteban-arze\/"},"modified":"2025-03-05T06:57:30","modified_gmt":"2025-03-05T10:57:30","slug":"observatorio-san-calixto-reporta-un-sismo-de-magnitud-4-0-en-la-provincia-esteban-arze","status":"publish","type":"post","link":"https:\/\/jms.com.bo\/mediamonitorbo\/2025\/03\/05\/observatorio-san-calixto-reporta-un-sismo-de-magnitud-4-0-en-la-provincia-esteban-arze\/","title":{"rendered":"Observatorio San Calixto reporta un sismo de magnitud 4.0 en la provincia Esteban Arze"},"content":{"rendered":"<p>La Red Sismol\u00f3gica del Observatorio San Calixto registr\u00f3, este martes, un sismo de magnitud 4.0 en la provincia Esteban Arze, Cochabamba, a las 15:36:45 (hora local). El movimiento tel\u00farico tuvo una profundidad de 15.5 km, lo que lo clasifica como un sismo superficial o cortical.<br \/>\nDetalles del evento s\u00edsmico:<br \/>\nMagnitud: 4.0 M<br \/>\nUbicaci\u00f3n del epicentro: -17.754 ; -66.029<br \/>\nProfundidad: 15.5 km<br \/>\nDistancia epicentral:<br \/>\n11 km al WNW de Anzaldo<br \/>\n16 km al sur de Tarata<br \/>\n21 km al SSW de Cliza<br \/>\nDado que el evento s\u00edsmico ocurri\u00f3 a menos de 70 km de profundidad, se considera potencialmente perceptible en las regiones cercanas al epicentro. Dependiendo de la infraestructura y las condiciones del terreno, podr\u00edan registrarse da\u00f1os menores en zonas vulnerables.<\/p>\n","protected":false},"excerpt":{"rendered":"<p>La Red Sismol\u00f3gica del Observatorio San Calixto registr\u00f3, este martes, un sismo de magnitud 4.0 en la provincia Esteban Arze, Cochabamba, a las 15:36:45 (hora local). El movimiento tel\u00farico tuvo una profundidad de 15.5 km, lo que lo clasifica como un sismo superficial o cortical. Detalles del evento s\u00edsmico: Magnitud: 4.0 M Ubicaci\u00f3n del epicentro: [&hellip;]<\/p>\n","protected":false},"author":1,"featured_media":2630,"comment_status":"","ping_status":"open","sticky":false,"template":"","format":"standard","meta":{"pagelayer_contact_templates":[],"_pagelayer_content":"","footnotes":""},"categories":[21,31,24],"tags":[],"class_list":{"0":"post-2629","1":"post","2":"type-post","3":"status-publish","4":"format-standard","5":"has-post-thumbnail","7":"category-actualidad","8":"category-portada-actualidad","9":"category-portada-general-sitio"},"_links":{"self":[{"href":"https:\/\/jms.com.bo\/mediamonitorbo\/wp-json\/wp\/v2\/posts\/2629","targetHints":{"allow":["GET"]}}],"collection":[{"href":"https:\/\/jms.com.bo\/mediamonitorbo\/wp-json\/wp\/v2\/posts"}],"about":[{"href":"https:\/\/jms.com.bo\/mediamonitorbo\/wp-json\/wp\/v2\/types\/post"}],"author":[{"embeddable":true,"href":"https:\/\/jms.com.bo\/mediamonitorbo\/wp-json\/wp\/v2\/users\/1"}],"replies":[{"embeddable":true,"href":"https:\/\/jms.com.bo\/mediamonitorbo\/wp-json\/wp\/v2\/comments?post=2629"}],"version-history":[{"count":0,"href":"https:\/\/jms.com.bo\/mediamonitorbo\/wp-json\/wp\/v2\/posts\/2629\/revisions"}],"wp:featuredmedia":[{"embeddable":true,"href":"https:\/\/jms.com.bo\/mediamonitorbo\/wp-json\/wp\/v2\/media\/2630"}],"wp:attachment":[{"href":"https:\/\/jms.com.bo\/mediamonitorbo\/wp-json\/wp\/v2\/media?parent=2629"}],"wp:term":[{"taxonomy":"category","embeddable":true,"href":"https:\/\/jms.com.bo\/mediamonitorbo\/wp-json\/wp\/v2\/categories?post=2629"},{"taxonomy":"post_tag","embeddable":true,"href":"https:\/\/jms.com.bo\/mediamonitorbo\/wp-json\/wp\/v2\/tags?post=2629"}],"curies":[{"name":"wp","href":"https:\/\/api.w.org\/{rel}","templated":true}]}}