{"id":2635,"date":"2025-03-05T06:50:02","date_gmt":"2025-03-05T10:50:02","guid":{"rendered":"https:\/\/jms.com.bo\/mediamonitorbo\/2025\/03\/05\/tropico-denuncia-presunto-plan-del-gobierno-para-detener-a-evo-en-carnaval-y-advierte-nos-vamos-a-defender\/"},"modified":"2025-03-05T06:50:02","modified_gmt":"2025-03-05T10:50:02","slug":"tropico-denuncia-presunto-plan-del-gobierno-para-detener-a-evo-en-carnaval-y-advierte-nos-vamos-a-defender","status":"publish","type":"post","link":"https:\/\/jms.com.bo\/mediamonitorbo\/2025\/03\/05\/tropico-denuncia-presunto-plan-del-gobierno-para-detener-a-evo-en-carnaval-y-advierte-nos-vamos-a-defender\/","title":{"rendered":"Tr\u00f3pico denuncia presunto plan del Gobierno para detener a Evo en Carnaval y advierte \u201cnos vamos a defender\u201d"},"content":{"rendered":"<p>Dirigentes del Tr\u00f3pico de Cochabamba denunciaron este lunes que el Gobierno estar\u00eda organizando un operativo para detener a Evo Morales en Lauca \u00d1 durante las fiestas de Carnaval, ante lo cual advirtieron que reaccionar\u00e1n y no se hacen responsables de las consecuencias.<br \/>\nEl dirigente Vicente Choque afirm\u00f3 que este operativo ser\u00eda policial y militar, adem\u00e1s de contar con la participaci\u00f3n de la Fiscal\u00eda.<br \/>\nMorales tiene orden de aprehensi\u00f3n por el caso de trata de personas en Tarija, sin embargo, se encuentra resguardado en el Tr\u00f3pico con la vigilia de sus seguidores.<br \/>\n\u201cQuiero advertirle gobierno central, Luis Arce Catacora, cualquier movimiento que hagas va a ser tu responsabilidad de vos, lo que va a pasar, lo que va a ocurrir en la regi\u00f3n del Tr\u00f3pico de Cochabamba. Y claramente queremos manifestar: nos vamos a defender\u201d, advirti\u00f3 Choque en conferencia de prensa.,<br \/>\n\u201cYa estamos movilizados y en estado de alerta m\u00e1xima. Cualquier suceso de sangre que ocurra es responsabilidad del Gobierno, del Ministerio de Gobierno y de todos los que intentan acabar con la vida del compa\u00f1ero Evo Morales\u201d, agreg\u00f3 el dirigente Dieter Mendoza en radio Kawsachun Coca.<br \/>\nSeg\u00fan los representantes del Tr\u00f3pico, el Gobierno arremete contra Morales porque est\u00e1 primera en las encuestas para la presidencia. Creen que el objetivo de las autoridades es \u201csecuestrar\u201d a Evo y enviarlo a Estados Unidos.<\/p>\n","protected":false},"excerpt":{"rendered":"<p>Dirigentes del Tr\u00f3pico de Cochabamba denunciaron este lunes que el Gobierno estar\u00eda organizando un operativo para detener a Evo Morales en Lauca \u00d1 durante las fiestas de Carnaval, ante lo cual advirtieron que reaccionar\u00e1n y no se hacen responsables de las consecuencias. El dirigente Vicente Choque afirm\u00f3 que este operativo ser\u00eda policial y militar, adem\u00e1s [&hellip;]<\/p>\n","protected":false},"author":1,"featured_media":2636,"comment_status":"","ping_status":"open","sticky":false,"template":"","format":"standard","meta":{"pagelayer_contact_templates":[],"_pagelayer_content":"","footnotes":""},"categories":[22],"tags":[],"class_list":{"0":"post-2635","1":"post","2":"type-post","3":"status-publish","4":"format-standard","5":"has-post-thumbnail","7":"category-social"},"_links":{"self":[{"href":"https:\/\/jms.com.bo\/mediamonitorbo\/wp-json\/wp\/v2\/posts\/2635","targetHints":{"allow":["GET"]}}],"collection":[{"href":"https:\/\/jms.com.bo\/mediamonitorbo\/wp-json\/wp\/v2\/posts"}],"about":[{"href":"https:\/\/jms.com.bo\/mediamonitorbo\/wp-json\/wp\/v2\/types\/post"}],"author":[{"embeddable":true,"href":"https:\/\/jms.com.bo\/mediamonitorbo\/wp-json\/wp\/v2\/users\/1"}],"replies":[{"embeddable":true,"href":"https:\/\/jms.com.bo\/mediamonitorbo\/wp-json\/wp\/v2\/comments?post=2635"}],"version-history":[{"count":0,"href":"https:\/\/jms.com.bo\/mediamonitorbo\/wp-json\/wp\/v2\/posts\/2635\/revisions"}],"wp:featuredmedia":[{"embeddable":true,"href":"https:\/\/jms.com.bo\/mediamonitorbo\/wp-json\/wp\/v2\/media\/2636"}],"wp:attachment":[{"href":"https:\/\/jms.com.bo\/mediamonitorbo\/wp-json\/wp\/v2\/media?parent=2635"}],"wp:term":[{"taxonomy":"category","embeddable":true,"href":"https:\/\/jms.com.bo\/mediamonitorbo\/wp-json\/wp\/v2\/categories?post=2635"},{"taxonomy":"post_tag","embeddable":true,"href":"https:\/\/jms.com.bo\/mediamonitorbo\/wp-json\/wp\/v2\/tags?post=2635"}],"curies":[{"name":"wp","href":"https:\/\/api.w.org\/{rel}","templated":true}]}}